{"id":100092,"date":"2026-02-21T04:40:56","date_gmt":"2026-02-21T03:40:56","guid":{"rendered":"https:\/\/www.infokuryr.cz\/n\/?p=100092"},"modified":"2026-02-21T04:40:56","modified_gmt":"2026-02-21T03:40:56","slug":"v-albanii-demonstranti-zautocili-na-rezidenci-premiera","status":"publish","type":"post","link":"https:\/\/www.infokuryr.cz\/n\/2026\/02\/21\/v-albanii-demonstranti-zautocili-na-rezidenci-premiera\/","title":{"rendered":"V Alb\u00e1nii demonstranti za\u00fato\u010dili na rezidenci premi\u00e9ra"},"content":{"rendered":"<div id=\"fb-root\"><\/div>\n<h3>Protikorup\u010dn\u00ed demonstrace v Tiran\u011b skon\u010dila st\u0159ety s polici\u00ed<\/h3>\n<p data-start=\"0\" data-end=\"225\"><span dir=\"auto\">Protestuj\u00edc\u00ed v p\u00e1tek b\u011bhem protikorup\u010dn\u00ed demonstrace v Tiran\u011b h\u00e1zeli Molotovovy koktejly a odpalovali oh\u0148ostroje na \u00fa\u0159ad premi\u00e9ra.<\/span><\/p>\n<p data-start=\"404\" data-end=\"650\"><span dir=\"auto\">Protestuj\u00edc\u00ed, v \u010dele s \u010dleny hlavn\u00ed opozi\u010dn\u00ed s\u00edly, Demokratick\u00e9 strany (PD), se shrom\u00e1\u017edili v hlavn\u00edm m\u011bst\u011b mal\u00e9 balk\u00e1nsk\u00e9 zem\u011b a po\u017eadovali rezignaci levicov\u00e9ho premi\u00e9ra Ediho Ramy.<\/span><\/p>\n<p data-start=\"652\" data-end=\"864\"><span dir=\"auto\">Skupina v\u00fdtr\u017en\u00edk\u016f h\u00e1zela z\u00e1paln\u00e9 projektily na vl\u00e1dn\u00ed s\u00eddlo a policisty, kte\u0159\u00ed reagovali slzn\u00fdm plynem a vodn\u00edmi d\u011bly. Podle m\u00edstn\u00edch m\u00e9di\u00ed trvaly st\u0159ety n\u011bkolik hodin.<\/span><\/p>\n<div class=\"rtcode\">\n<div class=\"twitter-tweet twitter-tweet-rendered\"><iframe id=\"twitter-widget-0\" class=\"\" title=\"X P\u0159\u00edsp\u011bvek\" src=\"https:\/\/platform.twitter.com\/embed\/Tweet.html?creatorScreenName=RT_com&amp;dnt=false&amp;embedId=twitter-widget-0&amp;features=eyJ0ZndfdGltZWxpbmVfbGlzdCI6eyJidWNrZXQiOltdLCJ2ZXJzaW9uIjpudWxsfSwidGZ3X2ZvbGxvd2VyX2NvdW50X3N1bnNldCI6eyJidWNrZXQiOnRydWUsInZlcnNpb24iOm51bGx9LCJ0ZndfdHdlZXRfZWRpdF9iYWNrZW5kIjp7ImJ1Y2tldCI6Im9uIiwidmVyc2lvbiI6bnVsbH0sInRmd19yZWZzcmNfc2Vzc2lvbiI6eyJidWNrZXQiOiJvbiIsInZlcnNpb24iOm51bGx9LCJ0ZndfZm9zbnJfc29mdF9pbnRlcnZlbnRpb25zX2VuYWJsZWQiOnsiYnVja2V0Ijoib24iLCJ2ZXJzaW9uIjpudWxsfSwidGZ3X21peGVkX21lZGlhXzE1ODk3Ijp7ImJ1Y2tldCI6InRyZWF0bWVudCIsInZlcnNpb24iOm51bGx9LCJ0ZndfZXhwZXJpbWVudHNfY29va2llX2V4cGlyYXRpb24iOnsiYnVja2V0IjoxMjA5NjAwLCJ2ZXJzaW9uIjpudWxsfSwidGZ3X3Nob3dfYmlyZHdhdGNoX3Bpdm90c19lbmFibGVkIjp7ImJ1Y2tldCI6Im9uIiwidmVyc2lvbiI6bnVsbH0sInRmd19kdXBsaWNhdGVfc2NyaWJlc190b19zZXR0aW5ncyI6eyJidWNrZXQiOiJvbiIsInZlcnNpb24iOm51bGx9LCJ0ZndfdXNlX3Byb2ZpbGVfaW1hZ2Vfc2hhcGVfZW5hYmxlZCI6eyJidWNrZXQiOiJvbiIsInZlcnNpb24iOm51bGx9LCJ0ZndfdmlkZW9faGxzX2R5bmFtaWNfbWFuaWZlc3RzXzE1MDgyIjp7ImJ1Y2tldCI6InRydWVfYml0cmF0ZSIsInZlcnNpb24iOm51bGx9LCJ0ZndfbGVnYWN5X3RpbWVsaW5lX3N1bnNldCI6eyJidWNrZXQiOnRydWUsInZlcnNpb24iOm51bGx9LCJ0ZndfdHdlZXRfZWRpdF9mcm9udGVuZCI6eyJidWNrZXQiOiJvbiIsInZlcnNpb24iOm51bGx9fQ%3D%3D&amp;frame=false&amp;hideCard=false&amp;hideThread=false&amp;id=2024961613044858950&amp;lang=cs&amp;maxWidth=560px&amp;origin=https%3A%2F%2Fwww.rt.com%2Fnews%2F632856-albania-protesters-attack-govt-hq%2F&amp;sessionId=2ff92f613f04cfaeab6f92f7936868dd1f4209f3&amp;siteScreenName=RT_com&amp;theme=light&amp;widgetsVersion=2615f7e52b7e0%3A1702314776716&amp;width=550px\" frameborder=\"0\" scrolling=\"no\" allowfullscreen=\"allowfullscreen\" data-tweet-id=\"2024961613044858950\" data-mce-fragment=\"1\"><\/iframe><\/div>\n<\/div>\n<div class=\"rtcode\">\n<div class=\"twitter-tweet twitter-tweet-rendered\"><iframe id=\"twitter-widget-1\" class=\"\" title=\"X P\u0159\u00edsp\u011bvek\" src=\"https:\/\/platform.twitter.com\/embed\/Tweet.html?creatorScreenName=RT_com&amp;dnt=false&amp;embedId=twitter-widget-1&amp;features=eyJ0ZndfdGltZWxpbmVfbGlzdCI6eyJidWNrZXQiOltdLCJ2ZXJzaW9uIjpudWxsfSwidGZ3X2ZvbGxvd2VyX2NvdW50X3N1bnNldCI6eyJidWNrZXQiOnRydWUsInZlcnNpb24iOm51bGx9LCJ0ZndfdHdlZXRfZWRpdF9iYWNrZW5kIjp7ImJ1Y2tldCI6Im9uIiwidmVyc2lvbiI6bnVsbH0sInRmd19yZWZzcmNfc2Vzc2lvbiI6eyJidWNrZXQiOiJvbiIsInZlcnNpb24iOm51bGx9LCJ0ZndfZm9zbnJfc29mdF9pbnRlcnZlbnRpb25zX2VuYWJsZWQiOnsiYnVja2V0Ijoib24iLCJ2ZXJzaW9uIjpudWxsfSwidGZ3X21peGVkX21lZGlhXzE1ODk3Ijp7ImJ1Y2tldCI6InRyZWF0bWVudCIsInZlcnNpb24iOm51bGx9LCJ0ZndfZXhwZXJpbWVudHNfY29va2llX2V4cGlyYXRpb24iOnsiYnVja2V0IjoxMjA5NjAwLCJ2ZXJzaW9uIjpudWxsfSwidGZ3X3Nob3dfYmlyZHdhdGNoX3Bpdm90c19lbmFibGVkIjp7ImJ1Y2tldCI6Im9uIiwidmVyc2lvbiI6bnVsbH0sInRmd19kdXBsaWNhdGVfc2NyaWJlc190b19zZXR0aW5ncyI6eyJidWNrZXQiOiJvbiIsInZlcnNpb24iOm51bGx9LCJ0ZndfdXNlX3Byb2ZpbGVfaW1hZ2Vfc2hhcGVfZW5hYmxlZCI6eyJidWNrZXQiOiJvbiIsInZlcnNpb24iOm51bGx9LCJ0ZndfdmlkZW9faGxzX2R5bmFtaWNfbWFuaWZlc3RzXzE1MDgyIjp7ImJ1Y2tldCI6InRydWVfYml0cmF0ZSIsInZlcnNpb24iOm51bGx9LCJ0ZndfbGVnYWN5X3RpbWVsaW5lX3N1bnNldCI6eyJidWNrZXQiOnRydWUsInZlcnNpb24iOm51bGx9LCJ0ZndfdHdlZXRfZWRpdF9mcm9udGVuZCI6eyJidWNrZXQiOiJvbiIsInZlcnNpb24iOm51bGx9fQ%3D%3D&amp;frame=false&amp;hideCard=false&amp;hideThread=false&amp;id=2024958529770078280&amp;lang=cs&amp;maxWidth=560px&amp;origin=https%3A%2F%2Fwww.rt.com%2Fnews%2F632856-albania-protesters-attack-govt-hq%2F&amp;sessionId=2ff92f613f04cfaeab6f92f7936868dd1f4209f3&amp;siteScreenName=RT_com&amp;theme=light&amp;widgetsVersion=2615f7e52b7e0%3A1702314776716&amp;width=550px\" frameborder=\"0\" scrolling=\"no\" allowfullscreen=\"allowfullscreen\" data-tweet-id=\"2024958529770078280\" data-mce-fragment=\"1\"><\/iframe><\/div>\n<\/div>\n<p data-start=\"866\" data-end=\"1004\"><span dir=\"auto\">Na shrom\u00e1\u017ed\u011bn\u00ed l\u00eddr PD a b\u00fdval\u00fd premi\u00e9r Sali Berisha ozna\u010dil R\u00e1mu za\u00a0<\/span><em><span dir=\"auto\">\u201epolitickou mrtvolu\u201c.<\/span><\/em><\/p>\n<div class=\"rtcode\">\n<div class=\"twitter-tweet twitter-tweet-rendered\"><iframe id=\"twitter-widget-2\" class=\"\" title=\"X P\u0159\u00edsp\u011bvek\" src=\"https:\/\/platform.twitter.com\/embed\/Tweet.html?creatorScreenName=RT_com&amp;dnt=false&amp;embedId=twitter-widget-2&amp;features=eyJ0ZndfdGltZWxpbmVfbGlzdCI6eyJidWNrZXQiOltdLCJ2ZXJzaW9uIjpudWxsfSwidGZ3X2ZvbGxvd2VyX2NvdW50X3N1bnNldCI6eyJidWNrZXQiOnRydWUsInZlcnNpb24iOm51bGx9LCJ0ZndfdHdlZXRfZWRpdF9iYWNrZW5kIjp7ImJ1Y2tldCI6Im9uIiwidmVyc2lvbiI6bnVsbH0sInRmd19yZWZzcmNfc2Vzc2lvbiI6eyJidWNrZXQiOiJvbiIsInZlcnNpb24iOm51bGx9LCJ0ZndfZm9zbnJfc29mdF9pbnRlcnZlbnRpb25zX2VuYWJsZWQiOnsiYnVja2V0Ijoib24iLCJ2ZXJzaW9uIjpudWxsfSwidGZ3X21peGVkX21lZGlhXzE1ODk3Ijp7ImJ1Y2tldCI6InRyZWF0bWVudCIsInZlcnNpb24iOm51bGx9LCJ0ZndfZXhwZXJpbWVudHNfY29va2llX2V4cGlyYXRpb24iOnsiYnVja2V0IjoxMjA5NjAwLCJ2ZXJzaW9uIjpudWxsfSwidGZ3X3Nob3dfYmlyZHdhdGNoX3Bpdm90c19lbmFibGVkIjp7ImJ1Y2tldCI6Im9uIiwidmVyc2lvbiI6bnVsbH0sInRmd19kdXBsaWNhdGVfc2NyaWJlc190b19zZXR0aW5ncyI6eyJidWNrZXQiOiJvbiIsInZlcnNpb24iOm51bGx9LCJ0ZndfdXNlX3Byb2ZpbGVfaW1hZ2Vfc2hhcGVfZW5hYmxlZCI6eyJidWNrZXQiOiJvbiIsInZlcnNpb24iOm51bGx9LCJ0ZndfdmlkZW9faGxzX2R5bmFtaWNfbWFuaWZlc3RzXzE1MDgyIjp7ImJ1Y2tldCI6InRydWVfYml0cmF0ZSIsInZlcnNpb24iOm51bGx9LCJ0ZndfbGVnYWN5X3RpbWVsaW5lX3N1bnNldCI6eyJidWNrZXQiOnRydWUsInZlcnNpb24iOm51bGx9LCJ0ZndfdHdlZXRfZWRpdF9mcm9udGVuZCI6eyJidWNrZXQiOiJvbiIsInZlcnNpb24iOm51bGx9fQ%3D%3D&amp;frame=false&amp;hideCard=false&amp;hideThread=false&amp;id=2024965624368083314&amp;lang=cs&amp;maxWidth=560px&amp;origin=https%3A%2F%2Fwww.rt.com%2Fnews%2F632856-albania-protesters-attack-govt-hq%2F&amp;sessionId=2ff92f613f04cfaeab6f92f7936868dd1f4209f3&amp;siteScreenName=RT_com&amp;theme=light&amp;widgetsVersion=2615f7e52b7e0%3A1702314776716&amp;width=550px\" frameborder=\"0\" scrolling=\"no\" allowfullscreen=\"allowfullscreen\" data-tweet-id=\"2024965624368083314\" data-mce-fragment=\"1\"><\/iframe><\/div>\n<\/div>\n<p data-start=\"1006\" data-end=\"1302\"><em><span dir=\"auto\">\u201eZachr\u00e1n\u00edme Alb\u00e1nii p\u0159ed Edim Ramou, kter\u00fd zemi uvrhl do chudoby a korupce,\u201c<\/span><\/em><span dir=\"auto\">\u00a0\u0159ekl Berisha davu, jak citovala AFP. Z\u00a0<\/span><em><span dir=\"auto\">\u201eeskalace\u201c<\/span><\/em><span dir=\"auto\">\u00a0obvinil vl\u00e1du a policii obvinil, \u017ee na n\u00e1dvo\u0159\u00ed kancel\u00e1\u0159e jeho strany pou\u017eila slzn\u00fd plyn.<\/span><\/p>\n<p data-start=\"1304\" data-end=\"1541\" data-is-last-node=\"\" data-is-only-node=\"\"><span dir=\"auto\">Ministryn\u011b vnitra Albana Kociu obvinila opozi\u010dn\u00ed v\u016fdce z\u00a0<\/span><em><span dir=\"auto\">\u201epodn\u011bcov\u00e1n\u00ed k n\u00e1sil\u00ed\u201c<\/span><\/em><span dir=\"auto\">\u00a0a vyzvala je, aby vyzvali sv\u00e9 p\u0159\u00edznivce, aby se zdr\u017eeli akc\u00ed, kter\u00e9 by mohly\u00a0<\/span><em><span dir=\"auto\">\u201eohrozit ob\u010dany, policii a novin\u00e1\u0159e\u201c.<\/span><\/em><\/p>\n<p data-start=\"1304\" data-end=\"1541\" data-is-last-node=\"\" data-is-only-node=\"\"><img decoding=\"async\" loading=\"lazy\" class=\"alignnone size-full wp-image-1185\" src=\"http:\/\/www.infokuryr.cz\/n\/wp-content\/uploads\/2021\/04\/kuryr-podpis.png\" alt=\"\" width=\"84\" height=\"24\" \/><\/p>\n<p data-start=\"1304\" data-end=\"1541\" data-is-last-node=\"\" data-is-only-node=\"\">\n","protected":false},"excerpt":{"rendered":"<p>Protikorup\u010dn\u00ed demonstrace v Tiran\u011b skon\u010dila st\u0159ety s polici\u00ed Protestuj\u00edc\u00ed v p\u00e1tek b\u011bhem protikorup\u010dn\u00ed demonstrace v&#8230;<\/p>\n","protected":false},"author":2,"featured_media":100093,"comment_status":"closed","ping_status":"closed","sticky":false,"template":"","format":"standard","meta":[],"categories":[7],"tags":[821,95,5135],"_links":{"self":[{"href":"https:\/\/www.infokuryr.cz\/n\/wp-json\/wp\/v2\/posts\/100092"}],"collection":[{"href":"https:\/\/www.infokuryr.cz\/n\/wp-json\/wp\/v2\/posts"}],"about":[{"href":"https:\/\/www.infokuryr.cz\/n\/wp-json\/wp\/v2\/types\/post"}],"author":[{"embeddable":true,"href":"https:\/\/www.infokuryr.cz\/n\/wp-json\/wp\/v2\/users\/2"}],"replies":[{"embeddable":true,"href":"https:\/\/www.infokuryr.cz\/n\/wp-json\/wp\/v2\/comments?post=100092"}],"version-history":[{"count":0,"href":"https:\/\/www.infokuryr.cz\/n\/wp-json\/wp\/v2\/posts\/100092\/revisions"}],"wp:featuredmedia":[{"embeddable":true,"href":"https:\/\/www.infokuryr.cz\/n\/wp-json\/wp\/v2\/media\/100093"}],"wp:attachment":[{"href":"https:\/\/www.infokuryr.cz\/n\/wp-json\/wp\/v2\/media?parent=100092"}],"wp:term":[{"taxonomy":"category","embeddable":true,"href":"https:\/\/www.infokuryr.cz\/n\/wp-json\/wp\/v2\/categories?post=100092"},{"taxonomy":"post_tag","embeddable":true,"href":"https:\/\/www.infokuryr.cz\/n\/wp-json\/wp\/v2\/tags?post=100092"}],"curies":[{"name":"wp","href":"https:\/\/api.w.org\/{rel}","templated":true}]}}