{"id":100080,"date":"2026-02-21T04:21:37","date_gmt":"2026-02-21T03:21:37","guid":{"rendered":"https:\/\/www.infokuryr.cz\/n\/?p=100080"},"modified":"2026-02-21T04:21:37","modified_gmt":"2026-02-21T03:21:37","slug":"zaluzny-prolomil-mlceni-o-zelenskem-ukrajinsky-hluboky-stat-je-ve-valce","status":"publish","type":"post","link":"https:\/\/www.infokuryr.cz\/n\/2026\/02\/21\/zaluzny-prolomil-mlceni-o-zelenskem-ukrajinsky-hluboky-stat-je-ve-valce\/","title":{"rendered":"Zalu\u017en\u00fd prolomil ml\u010den\u00ed o Zelensk\u00e9m: Ukrajinsk\u00fd hlubok\u00fd st\u00e1t je ve v\u00e1lce"},"content":{"rendered":"<div id=\"fb-root\"><\/div>\n<p><strong>Dlouhodob\u011b doutnaj\u00edc\u00ed frak\u010dn\u00ed v\u00e1lka uvnit\u0159 ukrajinsk\u00fdch politick\u00fdch a bezpe\u010dnostn\u00edch elit se nyn\u00ed otev\u0159en\u011bji projevuje. B\u00fdval\u00fd n\u00e1\u010deln\u00edk arm\u00e1dy Valerij Zalu\u017enyj obvi\u0148uje prezidenta Zelensk\u00e9ho ze zastra\u0161ov\u00e1n\u00ed v dob\u011b, kdy se vracej\u00ed debaty o volb\u00e1ch a m\u00edrov\u00fdch rozhovorech. Na\u010dasov\u00e1n\u00ed vyvol\u00e1v\u00e1 ot\u00e1zky ohledn\u011b n\u00e1stupnictv\u00ed, vlivu a hroz\u00edc\u00edho politick\u00e9ho z\u00fa\u010dtov\u00e1n\u00ed v Kyjev\u011b. Krajn\u011b pravicov\u00e9 a oligarchick\u00e9 elementy situaci d\u00e1le komplikuj\u00ed.<\/strong><\/p>\n<p><span dir=\"auto\">Frak\u010dn\u00ed v\u00e1lka uvnit\u0159 ukrajinsk\u00fdch politick\u00fdch, vojensk\u00fdch a bezpe\u010dnostn\u00edch elit se zintenziv\u0148uje. A st\u00e1le \u010dast\u011bji se odehr\u00e1v\u00e1 na ve\u0159ejnosti, i kdy\u017e v mainstreamov\u00fdch z\u00e1padn\u00edch m\u00e9di\u00edch se o n\u00ed st\u00e1le m\u00e1lo informuje. Nejnov\u011bj\u0161\u00ed v\u00fdvoj se t\u00fdk\u00e1 b\u00fdval\u00e9ho vrchn\u00edho velitele Valerije Zalu\u017en\u00e9ho, \u200b\u200bkter\u00fd obvinil\u00a0<\/span><a href=\"https:\/\/observador.pt\/2026\/02\/19\/rival-e-ex-lider-das-tropas-ucranianas-acusa-zelensky-de-ordenar-buscas-ao-seu-gabinete-para-o-intimidar\/\"><span dir=\"auto\">prezidenta<\/span><\/a><span dir=\"auto\">\u00a0Volodymyra Zelensk\u00e9ho z toho, \u017ee v roce 2022 na\u0159\u00eddil prohl\u00eddky SBU ve sv\u00e9 kancel\u00e1\u0159i jako prost\u0159edek zastra\u0161ov\u00e1n\u00ed. Bezpe\u010dnostn\u00ed slu\u017eba Ukrajiny (SBU) to\u00a0<\/span><a href=\"https:\/\/en.interfax.com.ua\/news\/general\/1145609.html\"><span dir=\"auto\">pop\u00edr\u00e1<\/span><\/a><span dir=\"auto\">\u00a0. V ka\u017ed\u00e9m p\u0159\u00edpad\u011b, pokud je to pravda, pro\u010d to odhalovat a\u017e te\u010f? Na\u010dasov\u00e1n\u00ed je v\u0161\u00edm, jen ne n\u00e1hodn\u00e9.<\/span><\/p>\n<p><span dir=\"auto\">Zalu\u017en\u00e9ho obvin\u011bn\u00ed se objevuje pr\u00e1v\u011b v dob\u011b, kdy se do z\u00e1padn\u00edch a ukrajinsk\u00fdch debat znovu dost\u00e1vaj\u00ed diskuse o\u00a0<\/span><a href=\"https:\/\/www.reuters.com\/world\/europe\/us-aims-march-peace-deal-ukraine-quick-elections-sources-say-2026-02-06\/\"><span dir=\"auto\">volb\u00e1ch<\/span><\/a><span dir=\"auto\">\u00a0, mo\u017en\u00e9m\u00a0<\/span><a href=\"https:\/\/www.ft.com\/content\/c4a0a5e7-1678-4303-b621-a447bca69d64\"><span dir=\"auto\">p\u0159\u00edm\u011b\u0159\u00ed<\/span><\/a><span dir=\"auto\">\u00a0a dokonce i o formuli \u201e\u00a0<\/span><a href=\"http:\/\/nypost.com\/2026\/02\/17\/world-news\/ukrainians-wouldnt-forgive-us-for-ceding-donbas-to-russia-zelensky\/\"><span dir=\"auto\">zem\u011b za m\u00edr<\/span><\/a><span dir=\"auto\">\u00a0\u201c. Nejedn\u00e1 se tedy o opo\u017ed\u011bn\u00e9 obvin\u011bn\u00ed hnan\u00e9 sv\u011bdom\u00edm, ale sp\u00ed\u0161e o politick\u00fd tah v boji o n\u00e1stupnictv\u00ed, imunitu a kontrolu nad narativem. Ukrajinskou elitn\u00ed politiku nep\u0159e\u017eijete t\u00edm, \u017ee se ozvete, pokud si ji\u017e nezajist\u00edte ochranu nebo vliv.<\/span><\/p>\n<p><span dir=\"auto\">Tento boj se neomezuje pouze na Zelensk\u00e9ho versus Zalu\u017en\u00e9ho. Zahrnuje tak\u00e9 zpravodajskou frakci soust\u0159ed\u011bnou kolem gener\u00e1lporu\u010d\u00edka Kyryla Budanova, jeho\u017e rostouc\u00ed vliv znepokojil jak vojensk\u00e9 velitele, tak oligarchick\u00e9 s\u00edt\u011b. Budanov je od 2. ledna 2026 vedouc\u00edm Kancel\u00e1\u0159e prezidenta Ukrajiny, p\u0159edt\u00edm vedl vojenskou rozv\u011bdku zem\u011b (HUR). P\u016fsobil tak\u00e9 v Zahrani\u010dn\u00ed zpravodajsk\u00e9 slu\u017eb\u011b. Ukrajinsk\u00fd takzvan\u00fd \u201ehlubok\u00fd st\u00e1t\u201c je v sou\u010dasn\u00e9 dob\u011b boji\u0161t\u011bm.<\/span><\/p>\n<p><span dir=\"auto\">Mo\u017en\u00e1 si vzpomeneme, \u017ee t\u0159en\u00ed mezi Zelensk\u00fdm a Zalu\u017en\u00fdm bylo viditeln\u00e9 ji\u017e na za\u010d\u00e1tku roku 2023, kdy dr\u017eitel Pulitzerovy ceny, novin\u00e1\u0159 Seymour Hersh,\u00a0<\/span><a href=\"http:\/\/seymourhersh.substack.com\/p\/general-to-general\"><span dir=\"auto\">informoval<\/span><\/a><span dir=\"auto\">\u00a0o tom, \u017ee gener\u00e1l \u00fadajn\u011b vedl nez\u00e1visl\u00e1 m\u00edrov\u00e1 jedn\u00e1n\u00ed s rusk\u00fdm n\u00e1\u010deln\u00edkem gener\u00e1ln\u00edho \u0161t\u00e1bu Valerijem Gerasimovem, a prezidenta tak zcela\u00a0<\/span><a href=\"https:\/\/www.pressenza.com\/2023\/12\/no-nato-for-ukraine-ukrainian-politician-says\/%5D\"><span dir=\"auto\">obe\u0161el<\/span><\/a><span dir=\"auto\">\u00a0. Zelenskyj byl podle Hershov\u00fdch zdroj\u016f z americk\u00fdch zpravodajsk\u00fdch slu\u017eeb pova\u017eov\u00e1n za \u201edivokou kartu\u201c, nespolehliv\u00e9ho a st\u00e1le v\u00edce izolovan\u00e9ho.<\/span><\/p>\n<p><span dir=\"auto\">Zelenskyj je ve skute\u010dnosti pravd\u011bpodobn\u011b politick\u00fdm p\u0159e\u017eiv\u0161\u00edm. Koncem roku 2023 se hovo\u0159ilo\u00a0<\/span><a href=\"https:\/\/southfront.press\/west-pressures-ukraine-to-hold-elections-amid-talks-about-land-for-peace-deal\/\"><span dir=\"auto\">o<\/span><\/a><span dir=\"auto\">\u00a0tom, \u017ee Z\u00e1pad up\u0159ednost\u0148uje intriky Alexeje Arestovi\u010de proti ukrajinsk\u00e9mu prezidentovi, p\u0159i\u010dem\u017e Arestovi\u010d je b\u00fdval\u00fd poradce prezidentsk\u00e9 kancel\u00e1\u0159e s konexemi na tajn\u00e9 slu\u017eby. V roce 2024 ukrajinsk\u00fd opozi\u010dn\u00ed v\u016fdce v exilu Viktor Medved\u010duk\u00a0<\/span><a href=\"https:\/\/southfront.press\/ukraines-opposition-leader-warns-zelensky-could-be-ousted\/\"><span dir=\"auto\">prohl\u00e1sil, \u017ee<\/span><\/a><span dir=\"auto\">\u00a0Zelenskyj by mohl b\u00fdt sesazen, proto\u017ee si odcizil spojence doma i v zahrani\u010d\u00ed.<\/span><\/p>\n<p><span dir=\"auto\">A p\u0159esto se ukrajinsk\u00e9mu v\u016fdci poda\u0159ilo z\u016fstat. V roce 2022 Zelenskyj otev\u0159en\u011b\u00a0<\/span><a href=\"https:\/\/www.aljazeera.com\/news\/2022\/4\/5\/zelenskyy-says-wants-ukraine-to-become-a-big-israel\"><span dir=\"auto\">prohl\u00e1sil<\/span><\/a><span dir=\"auto\">\u00a0svou vizi Ukrajiny jako \u201evelk\u00e9ho Izraele\u201c, co\u017e znamen\u00e1 siln\u011b militarizovan\u00fd, sekuritizovan\u00fd st\u00e1t definovan\u00fd permanentn\u00ed mobilizac\u00ed a vnit\u0159n\u00edm dohledem. To nebyla pouh\u00e1 r\u00e9torika: p\u0159edznamen\u00e1valo to konsolidaci moci, z\u00e1kaz\u00a0<\/span><a href=\"https:\/\/www.aljazeera.com\/news\/2022\/4\/5\/zelenskyy-says-wants-ukraine-to-become-a-big-israel\"><span dir=\"auto\">opozi\u010dn\u00edch stran<\/span><\/a><span dir=\"auto\">\u00a0a dal\u0161\u00ed normalizaci zastra\u0161ov\u00e1n\u00ed bezpe\u010dnostn\u00edmi slo\u017ekami: to v\u0161e zase bylo upevn\u011bn\u00edm procesu, kter\u00fd za\u010dal v roce 2014 revoluc\u00ed na Majdanu.<\/span><\/p>\n<p><span dir=\"auto\">Z\u00e1padn\u00ed metropole dosud z geopolitick\u00e9 v\u00fdhodnosti p\u0159iv\u00edraly o\u010di p\u0159ed t\u011bmito opat\u0159en\u00edmi, zat\u00edmco p\u0159edstavitel\u00e9\u00a0<\/span><a href=\"https:\/\/www.globalresearch.ca\/ukraine-struggle-survive-endangers-survival-europe\/5871575\"><span dir=\"auto\">Evropsk\u00e9 unie<\/span><\/a><span dir=\"auto\">\u00a0diskutovali o p\u0159istoupen\u00ed Ukrajiny (navzdory v\u0161em ot\u00e1zk\u00e1m\u00a0<\/span><a href=\"https:\/\/www.globalresearch.ca\/ukraine-has-civil-rights-problems-relegate-russians-second-class-status-us-expert\/5844288\"><span dir=\"auto\">ob\u010dansk\u00fdch pr\u00e1v<\/span><\/a><span dir=\"auto\">\u00a0t\u00fdkaj\u00edc\u00edm se men\u0161in). A\u0165 je to jakkoli, tato tolerance se vytr\u00e1c\u00ed. Za prezidenta Donalda Trumpa Washington mimo jin\u00e9 jasn\u011b signalizuje \u00fanavu z otev\u0159en\u00e9 z\u00e1stupn\u00e9 v\u00e1lky, aby se mohl obr\u00e1tit jinam. B\u0159emeno se st\u00e1le v\u00edce p\u0159esouv\u00e1\u00a0<\/span><a href=\"https:\/\/www.globalresearch.ca\/us-shift-burden-ukraine-european-colonies\/5868345\"><span dir=\"auto\">na<\/span><\/a><span dir=\"auto\">\u00a0Evropu, kter\u00e1 nyn\u00ed \u010del\u00ed vlastn\u00edm strategick\u00fdm obav\u00e1m, v\u010detn\u011b nap\u011bt\u00ed se samotn\u00fdmi USA kv\u016fli americk\u00fdm\u00a0<\/span><a href=\"https:\/\/www.globalresearch.ca\/ukraine-peace-plan-greenland-trump-arctic-appetite\/5913675\"><span dir=\"auto\">hrozb\u00e1m pro Gr\u00f3nsko<\/span><\/a><span dir=\"auto\">\u00a0.<\/span><\/p>\n<p><span dir=\"auto\">Toto m\u011bn\u00edc\u00ed se vn\u011bj\u0161\u00ed prost\u0159ed\u00ed \u010d\u00e1ste\u010dn\u011b vysv\u011btluje obnovenou vnit\u0159n\u00ed paniku v Kyjev\u011b. Volby, m\u00edrov\u00e1 jedn\u00e1n\u00ed nebo nucen\u00fd p\u0159echod by odhalily nevy\u0159e\u0161en\u00e9 rivality, korup\u010dn\u00ed s\u00edt\u011b a extremistick\u00e1 mocensk\u00e1 centra, kter\u00e1 jsou (na Z\u00e1pad\u011b) po l\u00e9ta okat\u011b zaml\u010dov\u00e1na, nemluv\u011b o jejich\u00a0<\/span><a href=\"https:\/\/www.globalresearch.ca\/whitewashing-neo-nazi-azov-battalion-encourages-far-right-forces\/5777176\"><span dir=\"auto\">probl\u00e9mu s krajn\u00ed pravic\u00ed<\/span><\/a><span dir=\"auto\">\u00a0.<\/span><\/p>\n<p><span dir=\"auto\">Oligarchick\u00fd rozm\u011br situaci d\u00e1le komplikuje. Zelensk\u00e9ho vlastn\u00ed vzestup byl\u00a0<\/span><a href=\"https:\/\/www.globalresearch.ca\/zelensky-accuses-west-grabbing-money-sent-ukraine\/5877169\"><span dir=\"auto\">neodd\u011bliteln\u00fd<\/span><\/a><span dir=\"auto\">\u00a0od\u00a0<\/span><a href=\"https:\/\/www.politico.eu\/article\/volodomyr-zelenskiy-ihor-kolomoisky-the-comedian-and-the-oligarch-ukraine-presidential-election\/\"><span dir=\"auto\">Ihora Kolomojsk\u00e9ho<\/span><\/a><span dir=\"auto\">\u00a0, a to i p\u0159es pozd\u011bj\u0161\u00ed snahy distancovat se pod tlakem USA. Korupce z\u016fst\u00e1v\u00e1 endemick\u00e1 (Ukrajina se v roce 2023 um\u00edstila na 104. m\u00edst\u011b ze 180 zem\u00ed podle Transparency International), co\u017e je dostate\u010dn\u011b vysok\u00e1 m\u00edra, aby podkopala vojenskou logistiku a energetickou odolnost. Kdy\u017e Zelenskyj (loni) ve\u0159ejn\u011b\u00a0<\/span><a href=\"https:\/\/www.globalresearch.ca\/zelensky-accuses-west-grabbing-money-sent-ukraine\/5877169\"><span dir=\"auto\">nazna\u010dil<\/span><\/a><span dir=\"auto\">\u00a0, \u017ee zhruba polovina ze 177 miliard dolar\u016f p\u0159id\u011blen\u00fdch Ukrajin\u011b se do Kyjeva nikdy nedostala, obvi\u0148oval a varoval Z\u00e1pad, pravd\u011bpodobn\u011b kv\u016fli p\u00e1ce.<\/span><\/p>\n<p><span dir=\"auto\">Jde o to, \u017ee korupce je ze sv\u00e9 podstaty obousm\u011brn\u00e1. Jak\u00e9koli seri\u00f3zn\u00ed vy\u0161et\u0159ov\u00e1n\u00ed zneu\u017e\u00edv\u00e1n\u00ed finan\u010dn\u00edch prost\u0159edk\u016f Z\u00e1padem by se nevyhnuteln\u011b odrazilo na samotn\u00fdch ukrajinsk\u00fdch elit\u00e1ch, v\u010detn\u011b zahrani\u010dn\u00edch dohod odhalen\u00fdch v\u00a0<\/span><a href=\"https:\/\/www.occrp.org\/en\/project\/the-pandora-papers\/pandora-papers-reveal-offshore-holdings-of-ukrainian-president-and-his-inner-circle\"><span dir=\"auto\">dokumentech Pandora Papers<\/span><\/a><span dir=\"auto\">\u00a0.<\/span><\/p>\n<p><span dir=\"auto\">Mezit\u00edm z\u016fst\u00e1v\u00e1 ozbrojen\u00fd a paramilit\u00e1rn\u00ed ultranacionalismus syst\u00e9mov\u00fdm faktorem. Od integrace praporu Azov do N\u00e1rodn\u00ed gardy a\u017e po politick\u00fd vliv osobnost\u00ed, jako je Dmytro Jaro\u0161, neofa\u0161istick\u00e9 skupiny, i kdy\u017e v men\u0161in\u011b (co do po\u010dtu), nicm\u00e9n\u011b formovaly bezpe\u010dnostn\u00ed apar\u00e1t Ukrajiny po Majdanu. Jaro\u0161 proslul\u00a0<\/span><a href=\"https:\/\/incident.obozrevatel.com\/crime\/dmitrij-yarosh-esli-zelenskij-predast-ukrainu-poteryaet-ne-dolzhnost-a-zhizn.htm\"><span dir=\"auto\">varov\u00e1n\u00edm Zelensk\u00e9ho, \u017ee\u00a0<\/span><\/a><a href=\"https:\/\/responsiblestatecraft.org\/how-will-the-war-in-ukraine-end\/\"><span dir=\"auto\">pokud bude usilovat o m\u00edrovou dohodu<\/span><\/a><span dir=\"auto\">\u00a0, \u201epov\u011bs\u00ed se na strom na Chre\u0161\u010datyku\u201c\u00a0.<\/span><\/p>\n<p><span dir=\"auto\">K t\u00e9to nest\u00e1l\u00e9 sm\u011bsici se s\u00a0zve\u0159ejn\u011bn\u00edm n\u011bkter\u00fdch\u00a0<\/span><a href=\"https:\/\/www.globalresearch.ca\/epstein-files-contain-child-abuse-murder\/5914478\"><span dir=\"auto\">Epsteinov\u00fdch spis\u016f\u00a0<\/span><\/a><a href=\"https:\/\/www.justice.gov\/epstein\/files\/DataSet%209\/EFTA00753670.pdf\"><span dir=\"auto\">p\u0159id\u00e1vaj\u00ed<\/span><\/a><span dir=\"auto\">\u00a0dal\u0161\u00ed informace\u00a0t\u00fdkaj\u00edc\u00ed se\u00a0<\/span><a href=\"https:\/\/www.globalresearch.ca\/epstein-ukrainian-modeling-agencies-trafficking-elite-connections\/5915270\"><span dir=\"auto\">s\u00edt\u00ed obchodov\u00e1n\u00ed s\u00a0lidmi<\/span><\/a><span dir=\"auto\">\u00a0a\u00a0eticky pochybn\u00e9ho\u00a0<a href=\"https:\/\/www.globalresearch.ca\/cloning-babies-ukraine-labs-epstein\/5915166\">biologick\u00e9ho v\u00fdzkumu\u00a0<\/a><\/span><a href=\"https:\/\/www.justice.gov\/epstein\/files\/DataSet%2011\/EFTA02625486.pdf\"><span dir=\"auto\">prov\u00e1d\u011bn\u00e9ho na Ukrajin\u011b<\/span><\/a><span dir=\"auto\">\u00a0. To v\u0161e m\u016f\u017ee p\u0159it\u00e1hnout pozornost nejvy\u0161\u0161\u00edch ukrajinsk\u00fdch p\u0159edstavitel\u016f a\u00a0tak krizi prohloubit.<\/span><\/p>\n<p><span dir=\"auto\">Ukrajinsk\u00e1 krize se tedy u\u017e net\u00fdk\u00e1 jen boji\u0161t\u011b. Jde o n\u00e1stupnictv\u00ed, p\u0159e\u017eit\u00ed a nevyhnuteln\u00e9 z\u00fa\u010dtov\u00e1n\u00ed, kter\u00e9 je odlo\u017eeno od roku 2014. Ukon\u010den\u00ed v\u00e1lky, zejm\u00e9na t\u00e9, kterou nelze vyhr\u00e1t, je samo o sob\u011b dost obt\u00ed\u017en\u00e9, a to i p\u0159es Trumpovy p\u0159edchoz\u00ed sliby o jej\u00edm ukon\u010den\u00ed \u201eza jeden den\u201c.<\/span><\/p>\n<p><span dir=\"auto\">Ukon\u010dit to v dob\u011b, kdy ozbrojen\u00ed extremist\u00e9, konkuren\u010dn\u00ed bezpe\u010dnostn\u00ed slu\u017eby, oligarchov\u00e9 a zahrani\u010dn\u00ed mecen\u00e1\u0161i t\u00e1hnou r\u016fzn\u00fdmi sm\u011bry, je je\u0161t\u011b t\u011b\u017e\u0161\u00ed. Z\u00e1pad koneckonc\u016f\u00a0<\/span><a href=\"https:\/\/www.globalresearch.ca\/whitewashing-neo-nazi-azov-battalion-encourages-far-right-forces\/5777176\"><span dir=\"auto\">vyzbrojuje<\/span><\/a><span dir=\"auto\">\u00a0a financuje krajn\u011b pravicov\u00e9 nacionalisty na Ukrajin\u011b ji\u017e v\u00edce ne\u017e deset let (ti jsou nyn\u00ed hluboce zapojeni do d\u011bjin hlubok\u00e9ho st\u00e1tu) a z\u00e1rove\u0148 tam vede\u00a0<\/span><a href=\"https:\/\/www.globalresearch.ca\/new-york-times-expose-details-expansion-cia-secret-war-ukraine-decade-ago\/5851183\"><span dir=\"auto\">tajnou v\u00e1lku CIA<\/span><\/a><span dir=\"auto\">\u00a0. Tyto s\u00edt\u011b nezmiz\u00ed snadno.<\/span><\/p>\n<p><span dir=\"auto\">Abychom to shrnuli, je otev\u0159enou ot\u00e1zkou, zda Zelenskyj tuto f\u00e1zi politicky p\u0159e\u017eije. Zda se Ukrajina pot\u00e9 vyno\u0159\u00ed ze stabiln\u011bj\u0161\u00edho stavu, je je\u0161t\u011b m\u00e9n\u011b jist\u00e9.<\/span><\/p>\n<p><em><span dir=\"auto\"><a href=\"https:\/\/infobrics.org\/en\/post\/83264\">Uriel Araujo, PhD.<\/a> v oboru antropologie, je soci\u00e1ln\u00ed v\u011bdec specializuj\u00edc\u00ed se na etnick\u00e9 a n\u00e1bo\u017eensk\u00e9 konflikty s rozs\u00e1hl\u00fdm v\u00fdzkumem geopolitick\u00e9 dynamiky a kulturn\u00edch interakc\u00ed<\/span><\/em><\/p>\n<p>&nbsp;<\/p>\n","protected":false},"excerpt":{"rendered":"<p>Dlouhodob\u011b doutnaj\u00edc\u00ed frak\u010dn\u00ed v\u00e1lka uvnit\u0159 ukrajinsk\u00fdch politick\u00fdch a bezpe\u010dnostn\u00edch elit se nyn\u00ed otev\u0159en\u011bji projevuje. B\u00fdval\u00fd&#8230;<\/p>\n","protected":false},"author":2,"featured_media":100081,"comment_status":"closed","ping_status":"closed","sticky":false,"template":"","format":"standard","meta":[],"categories":[7],"tags":[26,3084,1000],"_links":{"self":[{"href":"https:\/\/www.infokuryr.cz\/n\/wp-json\/wp\/v2\/posts\/100080"}],"collection":[{"href":"https:\/\/www.infokuryr.cz\/n\/wp-json\/wp\/v2\/posts"}],"about":[{"href":"https:\/\/www.infokuryr.cz\/n\/wp-json\/wp\/v2\/types\/post"}],"author":[{"embeddable":true,"href":"https:\/\/www.infokuryr.cz\/n\/wp-json\/wp\/v2\/users\/2"}],"replies":[{"embeddable":true,"href":"https:\/\/www.infokuryr.cz\/n\/wp-json\/wp\/v2\/comments?post=100080"}],"version-history":[{"count":0,"href":"https:\/\/www.infokuryr.cz\/n\/wp-json\/wp\/v2\/posts\/100080\/revisions"}],"wp:featuredmedia":[{"embeddable":true,"href":"https:\/\/www.infokuryr.cz\/n\/wp-json\/wp\/v2\/media\/100081"}],"wp:attachment":[{"href":"https:\/\/www.infokuryr.cz\/n\/wp-json\/wp\/v2\/media?parent=100080"}],"wp:term":[{"taxonomy":"category","embeddable":true,"href":"https:\/\/www.infokuryr.cz\/n\/wp-json\/wp\/v2\/categories?post=100080"},{"taxonomy":"post_tag","embeddable":true,"href":"https:\/\/www.infokuryr.cz\/n\/wp-json\/wp\/v2\/tags?post=100080"}],"curies":[{"name":"wp","href":"https:\/\/api.w.org\/{rel}","templated":true}]}}