{"id":100064,"date":"2026-02-21T00:13:19","date_gmt":"2026-02-20T23:13:19","guid":{"rendered":"https:\/\/www.infokuryr.cz\/n\/?p=100064"},"modified":"2026-02-20T12:31:02","modified_gmt":"2026-02-20T11:31:02","slug":"jiri-paroubek-premier-babis-by-mel-usmernit-ministerstvo-financi","status":"publish","type":"post","link":"https:\/\/www.infokuryr.cz\/n\/2026\/02\/21\/jiri-paroubek-premier-babis-by-mel-usmernit-ministerstvo-financi\/","title":{"rendered":"Ji\u0159\u00ed Paroubek: Premi\u00e9r Babi\u0161 by m\u011bl usm\u011brnit ministerstvo financ\u00ed"},"content":{"rendered":"<div id=\"fb-root\"><\/div>\n<p><strong>Pan\u00ed ministryn\u011b m\u00e1 z\u0159ejm\u011b trvalou p\u0159edstavu, \u017ee syst\u00e9m elektronick\u00e9 evidence tr\u017eeb (EET), je z\u00e1sadn\u00ed v\u011bc, kter\u00e1 j\u00ed z\u00edsk\u00e1 podporu voli\u010d\u016f a k tomu deset a\u017e patn\u00e1ct miliard do st\u00e1tn\u00edho rozpo\u010dtu. M\u00e1m obavy, \u017ee je to ale kontroverzn\u00ed t\u00e9ma a Andrej Babi\u0161 riskuje ztr\u00e1tu podpory stovek tis\u00edc \u017eivnostn\u00edk\u016f a jejich rodin. Tyto lidi pak \u017eene p\u0159\u00edmo do n\u00e1ru\u010de opozici, kter\u00e1 nem\u00e1 \u017e\u00e1dn\u00e9 v\u011bt\u0161\u00ed vnitrost\u00e1tn\u00ed t\u00e9ma. A to by byla velk\u00e1 \u0161koda. B\u00fdval\u00e1 p\u011btikoalice si te\u010f m\u016f\u017ee nezaslou\u017een\u011b hr\u00e1t na ochr\u00e1nce podnikatel\u016f, i kdy\u017e re\u00e1ln\u011b jim sama v\u00edc u\u0161kodila ne\u017e prosp\u011bla.<\/strong><\/p>\n<p>Pan\u00ed ministryn\u011b se v t\u00e9to v\u011bci chov\u00e1 v\u00edce jako dlouholet\u00e1 pracovnice ber\u0148\u00e1ku ne\u017e jako politi\u010dka. P\u0159edn\u011b, ohromn\u00fd deficit ve\u0159ejn\u00fdch financ\u00ed nezachr\u00e1n\u00ed ani miliardy, kter\u00e9 se z\u00edskaj\u00ed zaveden\u00edm EET. Ale na druh\u00e9 stran\u011b, pokud mus\u00ed platit dan\u011b zam\u011bstnanci, je fair po\u017eadovat tot\u00e9\u017e od \u017eivnostn\u00edk\u016f.<\/p>\n<p>Deficit ve\u0159ejn\u00fdch financ\u00ed m\u016f\u017ee z\u00e1sadn\u011b zm\u011bnit jen vy\u0161\u0161\u00ed zdan\u011bn\u00ed stovek miliard odt\u00e9kaj\u00edc\u00edch ka\u017edoro\u010dn\u011b do zahrani\u010d\u00ed formou zisk\u016f glob\u00e1ln\u00edch korporac\u00ed.<\/p>\n<p>Dal\u0161\u00ed mo\u017enost\u00ed je n\u00e1vrat k modelu progresivn\u00edho zdan\u011bn\u00ed, kter\u00e9 u n\u00e1s bylo zavedeno V\u00e1clavem Klausem hned v devades\u00e1t\u00fdch letech a &#8222;moud\u0159e&#8220; zru\u0161eno Topol\u00e1nkovou rovnou dan\u00ed. Toto rozhodnut\u00ed st\u00e1lo st\u00e1t v inkasu z dan\u011b z p\u0159\u00edjmu ka\u017edoro\u010dn\u011b nejm\u00e9n\u011b 80 mld. K\u010d.<\/p>\n<p>Z\u00e1sadn\u00ed mo\u017enost\u00ed je sn\u00ed\u017een\u00ed n\u00e1klad\u016f na zbrojen\u00ed na hodnoty odpov\u00eddaj\u00edc\u00ed tak \u00farovni roku 2020.<\/p>\n<p>Ide\u00e1ln\u00ed by byla ur\u010dit\u00e1 kombinace v\u0161ech t\u011bchto t\u0159\u00ed opat\u0159en\u00ed. Z\u00edskaly by se stovky miliard ro\u010dn\u011b nav\u00edc a deficit by z velk\u00e9 \u010dasti zmizel anebo by byl minimalizov\u00e1n. EET s n\u00edm hne sp\u00ed\u0161e jen kosmeticky.<\/p>\n<p>Prost\u011b, politick\u00e9 ztr\u00e1ty nem\u016f\u017ee t\u011bch deset, \u010di mo\u017en\u00e1 v\u00edce miliard nijak nahradit. Alena Schillerov\u00e1 sama sebe p\u0159esv\u011bd\u010duje, \u017ee v\u0161ichni poctiv\u00ed podnikatel\u00e9 po EET tou\u017e\u00ed, proto\u017ee odstran\u00ed unfair konkurenci. Pan\u00ed ministryn\u011b asi zapomn\u011bla, \u017ee jakoukoli da\u0148ovou povinnost nav\u00edc nem\u00e1 r\u00e1d nikdo. A nikdo nen\u00ed r\u00e1d v\u00edc sledov\u00e1n a kontrolov\u00e1n. K tomu je to bude i n\u011bco st\u00e1t.<\/p>\n<p>Sv\u00e9 pl\u00e1ny komentuje ne\u0161\u0165astn\u011b slovy, \u017ee st\u00e1t mus\u00ed m\u00edt p\u0159ehled o ka\u017ed\u00e9 platb\u011b a i spropitn\u00e9 je pot\u0159eba zdanit. Tady u\u017e proti sob\u011b stav\u00ed stovky tis\u00edc vlastn\u00edch voli\u010d\u016f, kte\u0159\u00ed necht\u011bj\u00ed b\u00fdt v\u00edc sledov\u00e1ni \u00fa\u0159edn\u00edky. Ona to jist\u011b mysl\u00ed dob\u0159e, ale kdo zaru\u010d\u00ed, \u017ee v budoucnu nep\u0159ijde n\u011bjak\u00e1 vl\u00e1da, kter\u00e1 v\u00fdsledky t\u011bchto ,,sledov\u00e1n\u00ed\u201c nezneu\u017eije. M\u00e1me takovou jistotu v dob\u011b, kdy EU zak\u00e1zala auta se spalovac\u00edm motorem, zakazuje uhl\u00ed a chce zru\u0161it hotov\u00e9 pen\u00edze a uvaluje na vlastn\u00ed nepohodln\u00e9 ob\u010dany finan\u010dn\u00ed sankce?<\/p>\n<p>Desetitis\u00edce pracovn\u00edk\u016f v pohostinstv\u00ed a slu\u017eb\u00e1ch se dnes c\u00edt\u00ed ohro\u017eeny, \u017ee si vyd\u011blaj\u00ed m\u00e9n\u011b. Roky jejich mzdy pat\u0159\u00ed k nejni\u017e\u0161\u00edm a p\u0159e\u017e\u00edvaj\u00ed jen d\u00edky t\u00e9to ,,\u0161ed\u00e9\u201c ekonomice. Restaurace, bary, diskot\u00e9ky, penziony a men\u0161\u00ed hotely u\u017e d\u00e1vno nejsou \u017e\u00e1dn\u00e9 velk\u00e9 terno. Vyjma centra Prahy \u017eivo\u0159\u00ed nebo i krachuj\u00ed. Je to v\u00fdsledek n\u011bkolika negativn\u00edch faktor\u016f po\u010d\u00ednaje p\u0159edchoz\u00edm zaveden\u00edm EET, covidov\u00fdmi opat\u0159en\u00edmi a hodn\u011b i zm\u011bnou spot\u0159ebitelsk\u00e9ho chov\u00e1n\u00ed. D\u0159\u00edve velk\u00e1 \u010d\u00e1st lid\u00ed skoro denn\u011b chodila do hospody na pivo a tla\u010denku \u010di bu\u0159ty s cibul\u00ed. Dnes sed\u00ed doma&#8230;<\/p>\n<p>Mrzelo by m\u011b, pokud by Andrej Babi\u0161, d\u00edky t\u00e9to zbyte\u010dn\u00e9 chyb\u011b, p\u0159i\u0161el o zna\u010dnou \u010d\u00e1st voli\u010d\u016f. Pokud to nepochop\u00ed, pak douf\u00e1m, \u017ee to pochop\u00ed aspo\u0148 SPD \u2013 Tomio Okamura anebo ministr Macinka a Motorist\u00e9 a nenechaj\u00ed \u017eivnostn\u00edky doslova padnout do n\u00e1ru\u010de opozice.<\/p>\n<p>Pokud v\u011b\u0159\u00ed, \u017ee m\u00e1 EET n\u011bjakou cenu v dob\u011b, kdy velk\u00e9 procento plateb prob\u00edh\u00e1 p\u0159es \u00fa\u010dty, tedy elektronicky a je tud\u00ed\u017e ji\u017e evidov\u00e1no, pak rozumn\u00fdm \u0159e\u0161en\u00edm je zav\u00e9st tuto dal\u0161\u00ed povinnost jen pro firmy a \u017eivnosti s obratem n\u011bkde nad 3 miliony ro\u010dn\u011b. Z\u00e1vistivci budou \u010d\u00e1ste\u010dn\u011b uspokojen\u00ed a tis\u00edce podnikatel\u016f si bude moci oddychnout a v\u011bnovat se tomu, z \u010deho \u017eij\u00ed.<\/p>\n<p><a href=\"https:\/\/vasevec.info\/domaci-politika\/premier-babis-mel-usmernit-ministerstvo-financi\">Ji\u0159\u00ed Paroubek<\/a><\/p>\n<p><img decoding=\"async\" loading=\"lazy\" class=\"alignnone size-medium wp-image-2342\" src=\"http:\/\/www.infokuryr.cz\/n\/wp-content\/uploads\/2021\/06\/paroubek-300x208.jpg\" alt=\"\" width=\"300\" height=\"208\" srcset=\"https:\/\/www.infokuryr.cz\/n\/wp-content\/uploads\/2021\/06\/paroubek-300x208.jpg 300w, https:\/\/www.infokuryr.cz\/n\/wp-content\/uploads\/2021\/06\/paroubek.jpg 318w\" sizes=\"(max-width: 300px) 100vw, 300px\" \/><\/p>\n<p>&nbsp;<\/p>\n","protected":false},"excerpt":{"rendered":"<p>Pan\u00ed ministryn\u011b m\u00e1 z\u0159ejm\u011b trvalou p\u0159edstavu, \u017ee syst\u00e9m elektronick\u00e9 evidence tr\u017eeb (EET), je z\u00e1sadn\u00ed v\u011bc,&#8230;<\/p>\n","protected":false},"author":2,"featured_media":97033,"comment_status":"closed","ping_status":"closed","sticky":false,"template":"","format":"standard","meta":[],"categories":[6],"tags":[126,1594,45,1503,6622],"_links":{"self":[{"href":"https:\/\/www.infokuryr.cz\/n\/wp-json\/wp\/v2\/posts\/100064"}],"collection":[{"href":"https:\/\/www.infokuryr.cz\/n\/wp-json\/wp\/v2\/posts"}],"about":[{"href":"https:\/\/www.infokuryr.cz\/n\/wp-json\/wp\/v2\/types\/post"}],"author":[{"embeddable":true,"href":"https:\/\/www.infokuryr.cz\/n\/wp-json\/wp\/v2\/users\/2"}],"replies":[{"embeddable":true,"href":"https:\/\/www.infokuryr.cz\/n\/wp-json\/wp\/v2\/comments?post=100064"}],"version-history":[{"count":0,"href":"https:\/\/www.infokuryr.cz\/n\/wp-json\/wp\/v2\/posts\/100064\/revisions"}],"wp:featuredmedia":[{"embeddable":true,"href":"https:\/\/www.infokuryr.cz\/n\/wp-json\/wp\/v2\/media\/97033"}],"wp:attachment":[{"href":"https:\/\/www.infokuryr.cz\/n\/wp-json\/wp\/v2\/media?parent=100064"}],"wp:term":[{"taxonomy":"category","embeddable":true,"href":"https:\/\/www.infokuryr.cz\/n\/wp-json\/wp\/v2\/categories?post=100064"},{"taxonomy":"post_tag","embeddable":true,"href":"https:\/\/www.infokuryr.cz\/n\/wp-json\/wp\/v2\/tags?post=100064"}],"curies":[{"name":"wp","href":"https:\/\/api.w.org\/{rel}","templated":true}]}}