{"id":100043,"date":"2026-02-21T00:16:12","date_gmt":"2026-02-20T23:16:12","guid":{"rendered":"https:\/\/www.infokuryr.cz\/n\/?p=100043"},"modified":"2026-02-20T11:34:51","modified_gmt":"2026-02-20T10:34:51","slug":"kit-knightly-z-nemecka-do-brazilie-silenstvi-zakazu-socialnich-medii-pokracuje","status":"publish","type":"post","link":"https:\/\/www.infokuryr.cz\/n\/2026\/02\/21\/kit-knightly-z-nemecka-do-brazilie-silenstvi-zakazu-socialnich-medii-pokracuje\/","title":{"rendered":"Kit Knightly: Z N\u011bmecka do Braz\u00edlie \u2013 \u0161\u00edlenstv\u00ed \u201ez\u00e1kazu soci\u00e1ln\u00edch m\u00e9di\u00ed\u201c pokra\u010duje"},"content":{"rendered":"<div id=\"fb-root\"><\/div>\n<div class=\"elementor-element elementor-element-1fb4c2c elementor-widget elementor-widget-theme-post-content\" data-id=\"1fb4c2c\" data-element_type=\"widget\" data-e-type=\"widget\" data-widget_type=\"theme-post-content.default\">\n<div class=\"elementor-widget-container\">\n<p><span dir=\"auto\">Seznam zem\u00ed, kter\u00e9 cht\u011bj\u00ed \u201ezak\u00e1zat soci\u00e1ln\u00ed m\u00e9dia pro d\u011bti\u201c (tj. p\u0159\u00edstup k internetu pouze s dokladem toto\u017enosti), se prodlu\u017euje.<\/span><\/p>\n<p><span dir=\"auto\">To je N\u011bmecko&#8230;<\/span><\/p>\n<div class=\"twitter-tweet twitter-tweet-rendered\"><iframe id=\"twitter-widget-0\" class=\"\" title=\"X Post\" src=\"https:\/\/platform.twitter.com\/embed\/Tweet.html?dnt=false&amp;embedId=twitter-widget-0&amp;features=eyJ0ZndfdGltZWxpbmVfbGlzdCI6eyJidWNrZXQiOltdLCJ2ZXJzaW9uIjpudWxsfSwidGZ3X2ZvbGxvd2VyX2NvdW50X3N1bnNldCI6eyJidWNrZXQiOnRydWUsInZlcnNpb24iOm51bGx9LCJ0ZndfdHdlZXRfZWRpdF9iYWNrZW5kIjp7ImJ1Y2tldCI6Im9uIiwidmVyc2lvbiI6bnVsbH0sInRmd19yZWZzcmNfc2Vzc2lvbiI6eyJidWNrZXQiOiJvbiIsInZlcnNpb24iOm51bGx9LCJ0ZndfZm9zbnJfc29mdF9pbnRlcnZlbnRpb25zX2VuYWJsZWQiOnsiYnVja2V0Ijoib24iLCJ2ZXJzaW9uIjpudWxsfSwidGZ3X21peGVkX21lZGlhXzE1ODk3Ijp7ImJ1Y2tldCI6InRyZWF0bWVudCIsInZlcnNpb24iOm51bGx9LCJ0ZndfZXhwZXJpbWVudHNfY29va2llX2V4cGlyYXRpb24iOnsiYnVja2V0IjoxMjA5NjAwLCJ2ZXJzaW9uIjpudWxsfSwidGZ3X3Nob3dfYmlyZHdhdGNoX3Bpdm90c19lbmFibGVkIjp7ImJ1Y2tldCI6Im9uIiwidmVyc2lvbiI6bnVsbH0sInRmd19kdXBsaWNhdGVfc2NyaWJlc190b19zZXR0aW5ncyI6eyJidWNrZXQiOiJvbiIsInZlcnNpb24iOm51bGx9LCJ0ZndfdXNlX3Byb2ZpbGVfaW1hZ2Vfc2hhcGVfZW5hYmxlZCI6eyJidWNrZXQiOiJvbiIsInZlcnNpb24iOm51bGx9LCJ0ZndfdmlkZW9faGxzX2R5bmFtaWNfbWFuaWZlc3RzXzE1MDgyIjp7ImJ1Y2tldCI6InRydWVfYml0cmF0ZSIsInZlcnNpb24iOm51bGx9LCJ0ZndfbGVnYWN5X3RpbWVsaW5lX3N1bnNldCI6eyJidWNrZXQiOnRydWUsInZlcnNpb24iOm51bGx9LCJ0ZndfdHdlZXRfZWRpdF9mcm9udGVuZCI6eyJidWNrZXQiOiJvbiIsInZlcnNpb24iOm51bGx9fQ%3D%3D&amp;frame=false&amp;hideCard=false&amp;hideThread=false&amp;id=2024224794397306962&amp;lang=cs&amp;origin=https%3A%2F%2Funcutnews.ch%2Fvon-deutschland-bis-brasilien-der-social-media-verbot-wahn-haelt-weiter-an%2F&amp;sessionId=20c4f3886b44cb25f61e5ae9f0567b18aad0147c&amp;theme=light&amp;widgetsVersion=2615f7e52b7e0%3A1702314776716&amp;width=550px\" frameborder=\"0\" scrolling=\"no\" allowfullscreen=\"allowfullscreen\" data-tweet-id=\"2024224794397306962\" data-mce-fragment=\"1\"><\/iframe><\/div>\n<p><em><strong><span dir=\"auto\">P\u0159eklad \u201eX\u201c<\/span><\/strong><span dir=\"auto\">\u00a0: NOVINKA \u2013 N\u011bmeck\u00fd kancl\u00e9\u0159 Friedrich Merz (CDU), b\u00fdval\u00fd p\u0159edseda BlackRocku, chce ukon\u010dit anonymitu na internetu: \u201eChci vid\u011bt skute\u010dn\u00e1 jm\u00e9na.\u201c<\/span><\/em><\/p>\n<p><span dir=\"auto\">Merz je alespo\u0148 do jist\u00e9 m\u00edry up\u0159\u00edmn\u00fd ohledn\u011b sv\u00e9ho z\u00e1m\u011bru \u2013 ukon\u010dit anonymitu.<\/span><\/p>\n<p><span dir=\"auto\">\u0158ecko to na druhou stranu d\u011bl\u00e1, aby \u201eochr\u00e1nilo demokracii\u201c&#8230;<\/span><\/p>\n<div class=\"twitter-tweet twitter-tweet-rendered\"><iframe id=\"twitter-widget-1\" class=\"\" title=\"X Post\" src=\"https:\/\/platform.twitter.com\/embed\/Tweet.html?dnt=false&amp;embedId=twitter-widget-1&amp;features=eyJ0ZndfdGltZWxpbmVfbGlzdCI6eyJidWNrZXQiOltdLCJ2ZXJzaW9uIjpudWxsfSwidGZ3X2ZvbGxvd2VyX2NvdW50X3N1bnNldCI6eyJidWNrZXQiOnRydWUsInZlcnNpb24iOm51bGx9LCJ0ZndfdHdlZXRfZWRpdF9iYWNrZW5kIjp7ImJ1Y2tldCI6Im9uIiwidmVyc2lvbiI6bnVsbH0sInRmd19yZWZzcmNfc2Vzc2lvbiI6eyJidWNrZXQiOiJvbiIsInZlcnNpb24iOm51bGx9LCJ0ZndfZm9zbnJfc29mdF9pbnRlcnZlbnRpb25zX2VuYWJsZWQiOnsiYnVja2V0Ijoib24iLCJ2ZXJzaW9uIjpudWxsfSwidGZ3X21peGVkX21lZGlhXzE1ODk3Ijp7ImJ1Y2tldCI6InRyZWF0bWVudCIsInZlcnNpb24iOm51bGx9LCJ0ZndfZXhwZXJpbWVudHNfY29va2llX2V4cGlyYXRpb24iOnsiYnVja2V0IjoxMjA5NjAwLCJ2ZXJzaW9uIjpudWxsfSwidGZ3X3Nob3dfYmlyZHdhdGNoX3Bpdm90c19lbmFibGVkIjp7ImJ1Y2tldCI6Im9uIiwidmVyc2lvbiI6bnVsbH0sInRmd19kdXBsaWNhdGVfc2NyaWJlc190b19zZXR0aW5ncyI6eyJidWNrZXQiOiJvbiIsInZlcnNpb24iOm51bGx9LCJ0ZndfdXNlX3Byb2ZpbGVfaW1hZ2Vfc2hhcGVfZW5hYmxlZCI6eyJidWNrZXQiOiJvbiIsInZlcnNpb24iOm51bGx9LCJ0ZndfdmlkZW9faGxzX2R5bmFtaWNfbWFuaWZlc3RzXzE1MDgyIjp7ImJ1Y2tldCI6InRydWVfYml0cmF0ZSIsInZlcnNpb24iOm51bGx9LCJ0ZndfbGVnYWN5X3RpbWVsaW5lX3N1bnNldCI6eyJidWNrZXQiOnRydWUsInZlcnNpb24iOm51bGx9LCJ0ZndfdHdlZXRfZWRpdF9mcm9udGVuZCI6eyJidWNrZXQiOiJvbiIsInZlcnNpb24iOm51bGx9fQ%3D%3D&amp;frame=false&amp;hideCard=false&amp;hideThread=false&amp;id=2024403950359761355&amp;lang=cs&amp;origin=https%3A%2F%2Funcutnews.ch%2Fvon-deutschland-bis-brasilien-der-social-media-verbot-wahn-haelt-weiter-an%2F&amp;sessionId=20c4f3886b44cb25f61e5ae9f0567b18aad0147c&amp;theme=light&amp;widgetsVersion=2615f7e52b7e0%3A1702314776716&amp;width=550px\" frameborder=\"0\" scrolling=\"no\" allowfullscreen=\"allowfullscreen\" data-tweet-id=\"2024403950359761355\" data-mce-fragment=\"1\"><\/iframe><\/div>\n<p><em><strong><span dir=\"auto\">P\u0159eklad \u201eX\u201c<\/span><\/strong><span dir=\"auto\">\u00a0: NYN\u00cd \u2013 \u0158eck\u00fd premi\u00e9r \u0159\u00edk\u00e1, \u017ee z\u00e1kaz soci\u00e1ln\u00edch m\u00e9di\u00ed pro nezletil\u00e9 a mlad\u00e9 lidi \u201ep\u0159ich\u00e1z\u00ed s demokratickou odpov\u011bdnost\u00ed\u201c zajistit, \u201eaby technologie posilovaly ve\u0159ejnou sf\u00e9ru, m\u00edsto aby n\u00e1s zahlcovaly dezinformacemi a nen\u00e1vist\u00ed\u201c, a \u017ee pokud sel\u017ee dialog s velk\u00fdmi technologick\u00fdmi spole\u010dnostmi, \u201ejedin\u00fdm \u0159e\u0161en\u00edm bude regulace\u201c.<\/span><\/em><\/p>\n<p><span dir=\"auto\">A\u00a0<\/span><a href=\"https:\/\/www.politico.com\/news\/2026\/01\/23\/canada-teen-social-media-ban-00744939\" target=\"_blank\" rel=\"noreferrer noopener\" data-type=\"link\" data-id=\"https:\/\/www.politico.com\/news\/2026\/01\/23\/canada-teen-social-media-ban-00744939\"><span dir=\"auto\">Kanada<\/span><\/a><span dir=\"auto\">\u00a0se i nad\u00e1le dr\u017e\u00ed politiky \u201echr\u00e1nit d\u011bti\u201c:<\/span><\/p>\n<figure class=\"wp-block-image aligncenter size-large\"><img decoding=\"async\" loading=\"lazy\" class=\"aligncenter\" src=\"https:\/\/www.politico.com\/dims4\/default\/resize\/630\/quality\/90\/format\/webp?url=https%3A%2F%2Fstatic.politico.com%2F94%2Fd1%2F0a04b3094d64950d00b42d3f4b0e%2Fhttps-delivery-gettyimages.com%2Fdownloads%2F2243719467\" alt=\"\" width=\"645\" height=\"430\" \/><figcaption class=\"wp-element-caption\"><a href=\"https:\/\/www.politico.com\/news\/2026\/01\/23\/canada-teen-social-media-ban-00744939\" target=\"_blank\" rel=\"noreferrer noopener\" data-type=\"link\" data-id=\"https:\/\/www.politico.com\/news\/2026\/01\/23\/canada-teen-social-media-ban-00744939\"><span dir=\"auto\">zdroj<\/span><\/a><\/figcaption><\/figure>\n<p><span dir=\"auto\">Tot\u00e9\u017e plat\u00ed pro\u00a0<\/span><a href=\"https:\/\/archive.is\/GOjZA\" target=\"_blank\" rel=\"noreferrer noopener\"><span dir=\"auto\">Braz\u00edlii<\/span><\/a><span dir=\"auto\">\u00a0.<\/span><\/p>\n<p><span dir=\"auto\">Nemluv\u011b o\u00a0<\/span><a href=\"https:\/\/www.theguardian.com\/world\/2026\/jan\/27\/france-social-media-ban-under-15s\" target=\"_blank\" rel=\"noreferrer noopener\"><span dir=\"auto\">Francii<\/span><\/a><span dir=\"auto\">\u00a0, \u0160pan\u011blsku, Rakousku, \u010cesk\u00e9 republice, D\u00e1nsku, Finsku, \u0158ecku, It\u00e1lii a Slovinsku [\u00a0<\/span><a href=\"https:\/\/news.sky.com\/video\/social-media-ban-have-we-reached-a-tipping-point-13506926\" target=\"_blank\" rel=\"noreferrer noopener\"><span dir=\"auto\">odkaz<\/span><\/a><span dir=\"auto\">\u00a0].<\/span><\/p>\n<p><span dir=\"auto\">Z\u00e1kazy soci\u00e1ln\u00edch m\u00e9di\u00ed jsou nejnov\u011bj\u0161\u00edm trendem. Hlavy st\u00e1t\u016f, jako \u017eeny v dom\u00e1cnosti ve stylu seri\u00e1lu\u00a0<\/span><em><span dir=\"auto\">Mad Men<\/span><\/em><span dir=\"auto\">\u00a0ze 60. let, vid\u00ed, co maj\u00ed jejich soused\u00e9, a \u017e\u00e1rliv\u011b po\u017eaduj\u00ed tot\u00e9\u017e pro sebe.<\/span><\/p>\n<p><span dir=\"auto\">Od za\u010d\u00e1tku covidu na\u0161i sv\u011btov\u00ed v\u016fdci neprojevili takovou synchronizaci, p\u0159ipom\u00ednaj\u00edc\u00ed hejno ryb.<\/span><\/p>\n<p><span dir=\"auto\">Tohle v\u0161echno je jist\u011b jen n\u00e1hoda.<\/span><\/p>\n<p><span dir=\"auto\">Dokonce i USA, pova\u017eovan\u00e9 za ba\u0161tu svobody za Dona, se nevyhnuteln\u011b ub\u00edraj\u00ed stejn\u00fdm sm\u011brem.<\/span><\/p>\n<p><span dir=\"auto\">To je d\u016fvod velk\u00e9ho\u00a0<\/span><a href=\"https:\/\/www.pbs.org\/newshour\/nation\/landmark-trial-accusing-tech-giants-of-harming-children-with-addictive-social-media-begins\" target=\"_blank\" rel=\"noreferrer noopener\"><span dir=\"auto\">\u201eprocesu na soci\u00e1ln\u00edch s\u00edt\u00edch\u201c<\/span><\/a><span dir=\"auto\">\u00a0, co\u017e je inscenovan\u00e9 divadeln\u00ed p\u0159edstaven\u00ed, jeho\u017e c\u00edlem je \u0161\u00ed\u0159it st\u00ed\u017enosti truchl\u00edc\u00edch rodi\u010d\u016f proti algoritm\u016fm, kter\u00e9 mohou, ale nemus\u00ed b\u00fdt skute\u010dn\u00e9, a apelovat na st\u00e1le hysteri\u010dt\u011bj\u0161\u00ed pocity digit\u00e1ln\u00edho davu.<\/span><\/p>\n<p><span dir=\"auto\">Amerika m\u016f\u017ee b\u00fdt posledn\u00ed kostkou domina, kter\u00e1 spadne, m\u016f\u017ee b\u00fdt dokonce odsouzena k \u0159e\u0161en\u00ed na \u00farovni st\u00e1tu, ale padne.<\/span><\/p>\n<p><span dir=\"auto\">A to bude v\u0161e.<\/span><\/p>\n<p><span dir=\"auto\">To je dal\u0161\u00ed d\u016fvod, pro\u010d by navrhovan\u00fd z\u00e1kaz VPN mohl b\u00fdt ne\u00fa\u010dinn\u00fd, proto\u017ee ned\u00e1v\u00e1 smysl maskovat svou IP adresu do jin\u00e9 zem\u011b, kdy\u017e stejn\u011b ka\u017ed\u00e1 zem\u011b na sv\u011bt\u011b vy\u017eaduje digit\u00e1ln\u00ed identifika\u010dn\u00ed \u010d\u00edslo.<\/span><\/p>\n<p><span dir=\"auto\">Toto je ze\u010f digit\u00e1ln\u00edho v\u011bzen\u00ed, kter\u00e1 se st\u00e1le v\u00edce uzav\u00edr\u00e1, a to je mnohem d\u016fle\u017eit\u011bj\u0161\u00ed ne\u017e \u00fadajn\u00e9 zat\u010den\u00ed prince Andrewa.<\/span><\/p>\n<p><span dir=\"auto\">Proto je TOHLE na v\u0161ech tituln\u00edch str\u00e1nk\u00e1ch v zemi a TOHLE ne.<\/span><\/p>\n<\/div>\n<\/div>\n<div class=\"elementor-element elementor-element-8c57238 quelle dc-has-condition dc-condition-empty elementor-widget elementor-widget-heading\" data-id=\"8c57238\" data-element_type=\"widget\" data-e-type=\"widget\" data-widget_type=\"heading.default\">\n<div class=\"elementor-widget-container\">\n<h3 class=\"elementor-heading-title elementor-size-default\"><span style=\"font-size: 10pt;\"><a href=\"https:\/\/off-guardian.org\/2026\/02\/19\/from-germany-to-brazil-the-social-media-ban-craze-continues\/\" target=\"_blank\" rel=\"nofollow noopener\"><span dir=\"auto\">Zdroj<\/span><\/a><\/span><\/h3>\n<p>&nbsp;<\/p>\n<\/div>\n<\/div>\n","protected":false},"excerpt":{"rendered":"<p>Seznam zem\u00ed, kter\u00e9 cht\u011bj\u00ed \u201ezak\u00e1zat soci\u00e1ln\u00ed m\u00e9dia pro d\u011bti\u201c (tj. p\u0159\u00edstup k internetu pouze s&#8230;<\/p>\n","protected":false},"author":2,"featured_media":89404,"comment_status":"closed","ping_status":"closed","sticky":false,"template":"","format":"standard","meta":[],"categories":[7],"tags":[1503,2978,3338,720],"_links":{"self":[{"href":"https:\/\/www.infokuryr.cz\/n\/wp-json\/wp\/v2\/posts\/100043"}],"collection":[{"href":"https:\/\/www.infokuryr.cz\/n\/wp-json\/wp\/v2\/posts"}],"about":[{"href":"https:\/\/www.infokuryr.cz\/n\/wp-json\/wp\/v2\/types\/post"}],"author":[{"embeddable":true,"href":"https:\/\/www.infokuryr.cz\/n\/wp-json\/wp\/v2\/users\/2"}],"replies":[{"embeddable":true,"href":"https:\/\/www.infokuryr.cz\/n\/wp-json\/wp\/v2\/comments?post=100043"}],"version-history":[{"count":0,"href":"https:\/\/www.infokuryr.cz\/n\/wp-json\/wp\/v2\/posts\/100043\/revisions"}],"wp:featuredmedia":[{"embeddable":true,"href":"https:\/\/www.infokuryr.cz\/n\/wp-json\/wp\/v2\/media\/89404"}],"wp:attachment":[{"href":"https:\/\/www.infokuryr.cz\/n\/wp-json\/wp\/v2\/media?parent=100043"}],"wp:term":[{"taxonomy":"category","embeddable":true,"href":"https:\/\/www.infokuryr.cz\/n\/wp-json\/wp\/v2\/categories?post=100043"},{"taxonomy":"post_tag","embeddable":true,"href":"https:\/\/www.infokuryr.cz\/n\/wp-json\/wp\/v2\/tags?post=100043"}],"curies":[{"name":"wp","href":"https:\/\/api.w.org\/{rel}","templated":true}]}}