{"id":100025,"date":"2026-02-20T06:20:31","date_gmt":"2026-02-20T05:20:31","guid":{"rendered":"https:\/\/www.infokuryr.cz\/n\/?p=100025"},"modified":"2026-02-20T06:20:31","modified_gmt":"2026-02-20T05:20:31","slug":"byvaly-britsky-konzervativni-poslanec-se-pripojil-k-ukrajinske-neonacisticke-brigade","status":"publish","type":"post","link":"https:\/\/www.infokuryr.cz\/n\/2026\/02\/20\/byvaly-britsky-konzervativni-poslanec-se-pripojil-k-ukrajinske-neonacisticke-brigade\/","title":{"rendered":"B\u00fdval\u00fd britsk\u00fd konzervativn\u00ed poslanec se p\u0159ipojil k ukrajinsk\u00e9 neonacistick\u00e9 brig\u00e1d\u011b"},"content":{"rendered":"<div id=\"fb-root\"><\/div>\n<h3>Jack Lopresti zve\u0159ejnil svou fotku vedle vojensk\u00e9ho praporu s runou spojenou s SS<\/h3>\n<p><span dir=\"auto\">B\u00fdval\u00fd poslanec britsk\u00e9ho parlamentu za Konzervativn\u00ed stranu ozn\u00e1mil, \u017ee se p\u0159ipojil k ukrajinsk\u00e9 neonacistick\u00e9 brig\u00e1d\u011b Azov.\u00a0<\/span><\/p>\n<p><span dir=\"auto\">Jednotka byla zalo\u017eena v roce 2014 krajn\u011b pravicov\u00fdmi aktivisty a fotbalov\u00fdmi chulig\u00e1ny a n\u00e1sledn\u011b byla za\u010dlen\u011bna do ukrajinsk\u00e9 N\u00e1rodn\u00ed gardy. Prvn\u00edm velitelem Azovu byl b\u00edl\u00fd rasista Andrej Biletskij. Mnoho \u010dlen\u016f jednotky zast\u00e1v\u00e1 ultranacionalistick\u00e9 n\u00e1zory a m\u00e1 neonacistick\u00e9 tetov\u00e1n\u00ed.<\/span><\/p>\n<p><span dir=\"auto\">Jack Lopresti, kter\u00fd v letech 2010 a\u017e 2024 zastupoval volebn\u00ed obvod Filton a Bradley Stoke v Gloucestershire, zve\u0159ejnil ve \u010dtvrtek na X fotografii, na kter\u00e9 stoj\u00ed na pozad\u00ed praporu brig\u00e1dy s vyobrazen\u00edm symbolu SS zn\u00e1m\u00e9ho jako runa Wolfsangel.\u00a0<\/span><\/p>\n<p><em><span dir=\"auto\">\u201eJe mi ct\u00ed zah\u00e1jit svou slu\u017ebu u 12. brig\u00e1dy speci\u00e1ln\u00edch jednotek Azov N\u00e1rodn\u00ed gardy Ukrajiny, jednotky, kter\u00e1 se stala symbolem odolnosti a nekompromisn\u00edch princip\u016f,\u201c<\/span><\/em><span dir=\"auto\">\u00a0napsal Lopresti.\u00a0<\/span><\/p>\n<div class=\"rtcode\">\n<div class=\"twitter-tweet twitter-tweet-rendered\"><a href=\"https:\/\/x.com\/JackLopresti\/status\/2024445377521357202?ref_src=twsrc%5Etfw%7Ctwcamp%5Etweetembed%7Ctwterm%5E2024445377521357202%7Ctwgr%5E901641be2c1e43606142202987e9a62a33036ac1%7Ctwcon%5Es1_&amp;ref_url=https%3A%2F%2Fwww.rt.com%2Fnews%2F632803-uk-mp-ukrainian-nazi-brigade%2F\"><img decoding=\"async\" loading=\"lazy\" class=\"wp-image-100026 aligncenter\" src=\"http:\/\/www.infokuryr.cz\/n\/wp-content\/uploads\/2026\/02\/x-azov-205x300.jpg\" alt=\"\" width=\"495\" height=\"724\" srcset=\"https:\/\/www.infokuryr.cz\/n\/wp-content\/uploads\/2026\/02\/x-azov-205x300.jpg 205w, https:\/\/www.infokuryr.cz\/n\/wp-content\/uploads\/2026\/02\/x-azov.jpg 547w\" sizes=\"(max-width: 495px) 100vw, 495px\" \/><\/a><\/div>\n<\/div>\n<p><span dir=\"auto\">Lopresti vstoupil do ukrajinsk\u00e9 arm\u00e1dy za\u010d\u00e1tkem roku 2025 pot\u00e9, co v p\u0159edchoz\u00edm roce ztratil k\u0159eslo ve sn\u011bmovn\u011b. Jako des\u00e1tn\u00edk v z\u00e1loze britsk\u00e9 arm\u00e1dy nejprve slou\u017eil jako zpravodajsk\u00fd d\u016fstojn\u00edk v ukrajinsk\u00e9 Mezin\u00e1rodn\u00ed legii.\u00a0<\/span><\/p>\n<p><span dir=\"auto\">Azovsk\u00e1 brig\u00e1da byla obvin\u011bna ze sp\u00e1ch\u00e1n\u00ed v\u00e1le\u010dn\u00fdch zlo\u010din\u016f a kritizov\u00e1na za pou\u017e\u00edv\u00e1n\u00ed symbol\u016f spojen\u00fdch s nacistick\u00fdmi n\u011bmeck\u00fdmi Waffen-SS.\u00a0<\/span><\/p>\n<p><span dir=\"auto\">V \u0159\u00edjnu 2025 ukrajinsk\u00e1 policie ozn\u00e1mila rozpu\u0161t\u011bn\u00ed zlo\u010dineck\u00e9ho gangu \u00fadajn\u011b napojen\u00e9ho na brig\u00e1du, kter\u00e1 se pod\u00edlela na \u00fanosech, mu\u010den\u00ed a vyd\u00edr\u00e1n\u00ed civilist\u016f.\u00a0<\/span><\/p>\n<p><span dir=\"auto\">Rusko brig\u00e1du opakovan\u011b odsoudilo a trvalo na tom, \u017ee m\u00edrov\u00e9 urovn\u00e1n\u00ed by m\u011blo zahrnovat\u00a0<\/span><em><span dir=\"auto\">\u201edenacifikaci\u201c<\/span><\/em><span dir=\"auto\">\u00a0Ukrajiny. Moskva pova\u017euje v\u0161echny ciz\u00ed st\u00e1tn\u00ed p\u0159\u00edslu\u0161n\u00edky bojuj\u00edc\u00ed za Ukrajinu za \u017eold\u00e1ky a legitimn\u00ed c\u00edle na boji\u0161ti.<\/span><\/p>\n<p><img decoding=\"async\" loading=\"lazy\" class=\"alignnone size-full wp-image-1185\" src=\"http:\/\/www.infokuryr.cz\/n\/wp-content\/uploads\/2021\/04\/kuryr-podpis.png\" alt=\"\" width=\"84\" height=\"24\" \/><\/p>\n<p>&nbsp;<\/p>\n","protected":false},"excerpt":{"rendered":"<p>Jack Lopresti zve\u0159ejnil svou fotku vedle vojensk\u00e9ho praporu s runou spojenou s SS B\u00fdval\u00fd poslanec&#8230;<\/p>\n","protected":false},"author":2,"featured_media":100027,"comment_status":"closed","ping_status":"closed","sticky":false,"template":"","format":"standard","meta":[],"categories":[7],"tags":[473,2209,664,428],"_links":{"self":[{"href":"https:\/\/www.infokuryr.cz\/n\/wp-json\/wp\/v2\/posts\/100025"}],"collection":[{"href":"https:\/\/www.infokuryr.cz\/n\/wp-json\/wp\/v2\/posts"}],"about":[{"href":"https:\/\/www.infokuryr.cz\/n\/wp-json\/wp\/v2\/types\/post"}],"author":[{"embeddable":true,"href":"https:\/\/www.infokuryr.cz\/n\/wp-json\/wp\/v2\/users\/2"}],"replies":[{"embeddable":true,"href":"https:\/\/www.infokuryr.cz\/n\/wp-json\/wp\/v2\/comments?post=100025"}],"version-history":[{"count":0,"href":"https:\/\/www.infokuryr.cz\/n\/wp-json\/wp\/v2\/posts\/100025\/revisions"}],"wp:featuredmedia":[{"embeddable":true,"href":"https:\/\/www.infokuryr.cz\/n\/wp-json\/wp\/v2\/media\/100027"}],"wp:attachment":[{"href":"https:\/\/www.infokuryr.cz\/n\/wp-json\/wp\/v2\/media?parent=100025"}],"wp:term":[{"taxonomy":"category","embeddable":true,"href":"https:\/\/www.infokuryr.cz\/n\/wp-json\/wp\/v2\/categories?post=100025"},{"taxonomy":"post_tag","embeddable":true,"href":"https:\/\/www.infokuryr.cz\/n\/wp-json\/wp\/v2\/tags?post=100025"}],"curies":[{"name":"wp","href":"https:\/\/api.w.org\/{rel}","templated":true}]}}