{"id":100023,"date":"2026-02-20T06:14:20","date_gmt":"2026-02-20T05:14:20","guid":{"rendered":"https:\/\/www.infokuryr.cz\/n\/?p=100023"},"modified":"2026-02-20T06:14:20","modified_gmt":"2026-02-20T05:14:20","slug":"byvaly-princ-andrew-napojeny-na-epsteina-je-vysetrovan-kvuli-pochybeni","status":"publish","type":"post","link":"https:\/\/www.infokuryr.cz\/n\/2026\/02\/20\/byvaly-princ-andrew-napojeny-na-epsteina-je-vysetrovan-kvuli-pochybeni\/","title":{"rendered":"B\u00fdval\u00fd princ Andrew napojen\u00fd na Epsteina je vy\u0161et\u0159ov\u00e1n kv\u016fli pochyben\u00ed"},"content":{"rendered":"<div id=\"fb-root\"><\/div>\n<h3>Zneuct\u011bn\u00fd \u010dlen kr\u00e1lovsk\u00e9 rodiny byl ve \u010dtvrtek kr\u00e1tce zat\u010den<\/h3>\n<p><span dir=\"auto\">Andrew Mountbatten-Windsor, bratr kr\u00e1le Karla III., byl ve \u010dtvrtek kr\u00e1tce zat\u010den britskou polici\u00ed pro podez\u0159en\u00ed z pochyben\u00ed ve ve\u0159ejn\u00e9 funkci. Po t\u00e9m\u011b\u0159 12 hodin\u00e1ch v\u00fdslechu byl propu\u0161t\u011bn a nad\u00e1le je p\u0159edm\u011btem vy\u0161et\u0159ov\u00e1n\u00ed.<\/span><\/p>\n<p data-start=\"554\" data-end=\"732\" data-is-last-node=\"\" data-is-only-node=\"\"><span dir=\"auto\">Mountbatten-Windsor byl loni zbaven sv\u00fdch kr\u00e1lovsk\u00fdch titul\u016f kv\u016fli sv\u00e9mu d\u0159\u00edv\u011bj\u0161\u00edmu p\u0159\u00e1telstv\u00ed s americk\u00fdm finan\u010dn\u00edkem a sexu\u00e1ln\u00edm delikventem Jeffreym Epsteinem.<\/span><\/p>\n<p data-start=\"0\" data-end=\"118\" data-is-last-node=\"\" data-is-only-node=\"\"><span dir=\"auto\">Podle BBC je b\u00fdval\u00fd princ prvn\u00edm vysoce postaven\u00fdm \u010dlenem kr\u00e1lovsk\u00e9 rodiny, kter\u00fd byl v modern\u00ed historii zat\u010den.<\/span><\/p>\n<p data-start=\"0\" data-end=\"118\" data-is-last-node=\"\" data-is-only-node=\"\"><span dir=\"auto\">Andrew byl zat\u010den ve sv\u00e9m do\u010dasn\u00e9m dom\u011b v kr\u00e1lovsk\u00e9 soukrom\u00e9 rezidenci v Sandringhamu v Norfolku kolem 8. hodiny rann\u00ed. Policie provedla prohl\u00eddky na farm\u011b Wood Farm na panstv\u00ed a na adres\u00e1ch v Berkshire.<\/span><\/p>\n<p data-start=\"0\" data-end=\"118\" data-is-last-node=\"\" data-is-only-node=\"\"><em><span dir=\"auto\">\u201eVe \u010dtvrtek jsme zatkli mu\u017ee po \u0161edes\u00e1tce z Norfolku pro podez\u0159en\u00ed z poru\u0161en\u00ed ve\u0159ejn\u00e9 funkce. Zat\u010den\u00fd mu\u017e byl nyn\u00ed propu\u0161t\u011bn a je p\u0159edm\u011btem vy\u0161et\u0159ov\u00e1n\u00ed,\u201c<\/span><\/em><span dir=\"auto\">\u00a0uvedla policie v \u00fadol\u00ed Tem\u017ee ve stru\u010dn\u00e9m prohl\u00e1\u0161en\u00ed.<\/span><\/p>\n<p data-start=\"0\" data-end=\"118\" data-is-last-node=\"\" data-is-only-node=\"\"><span dir=\"auto\">Kr\u00e1l Karel prohl\u00e1sil, \u017ee\u00a0<\/span><em><span dir=\"auto\">\u201ez\u00e1kon si mus\u00ed j\u00edt svou cestou\u201c<\/span><\/em><span dir=\"auto\">\u00a0a \u017ee policie m\u00e1 jeho\u00a0<\/span><em><span dir=\"auto\">\u201eplnou a bezv\u00fdhradnou podporu a spolupr\u00e1ci\u201c.<\/span><\/em><\/p>\n<p><span dir=\"auto\">Mountbatten-Windsor, kter\u00fd jak\u00e9koli provin\u011bn\u00ed pop\u0159el, se minul\u00fd m\u011bs\u00edc znovu dostal pod drobnohled ve\u0159ejnosti pot\u00e9, co americk\u00e9 ministerstvo spravedlnosti zve\u0159ejnilo nov\u00e9 e-maily a fotografie souvisej\u00edc\u00ed s p\u0159\u00edpadem Jeffreyho Epsteina.<\/span><\/p>\n<p><span dir=\"auto\">V roce 2022 dos\u00e1hl Mountbatten-Windsor mimosoudn\u00ed dohody s Virgini\u00ed Giuffreovou, kter\u00e1 ho obvinila ze sexu\u00e1ln\u00edho napaden\u00ed. Giuffreov\u00e1 tvrdila, \u017ee Epstein a jeho bl\u00edzk\u00e1 spolupracovnice Ghislaine Maxwellov\u00e1 ji v roce 2000, kdy\u017e j\u00ed bylo 17 let, propa\u0161ovali k b\u00fdval\u00e9mu princi.<\/span><\/p>\n<p><span dir=\"auto\">Virginia Giuffre sp\u00e1chala v roce 2025 sebevra\u017edu a jej\u00ed posmrtn\u011b vydan\u00e9 pam\u011bti p\u0159im\u011bly kr\u00e1le zbavit Mountbatten-Windsor jeho titul\u016f.<\/span><\/p>\n<p><img decoding=\"async\" loading=\"lazy\" class=\"alignnone size-full wp-image-1185\" src=\"http:\/\/www.infokuryr.cz\/n\/wp-content\/uploads\/2021\/04\/kuryr-podpis.png\" alt=\"\" width=\"84\" height=\"24\" \/><\/p>\n<p>&nbsp;<\/p>\n","protected":false},"excerpt":{"rendered":"<p>Zneuct\u011bn\u00fd \u010dlen kr\u00e1lovsk\u00e9 rodiny byl ve \u010dtvrtek kr\u00e1tce zat\u010den Andrew Mountbatten-Windsor, bratr kr\u00e1le Karla III.,&#8230;<\/p>\n","protected":false},"author":2,"featured_media":100024,"comment_status":"closed","ping_status":"closed","sticky":false,"template":"","format":"standard","meta":[],"categories":[7],"tags":[1655,303,2407],"_links":{"self":[{"href":"https:\/\/www.infokuryr.cz\/n\/wp-json\/wp\/v2\/posts\/100023"}],"collection":[{"href":"https:\/\/www.infokuryr.cz\/n\/wp-json\/wp\/v2\/posts"}],"about":[{"href":"https:\/\/www.infokuryr.cz\/n\/wp-json\/wp\/v2\/types\/post"}],"author":[{"embeddable":true,"href":"https:\/\/www.infokuryr.cz\/n\/wp-json\/wp\/v2\/users\/2"}],"replies":[{"embeddable":true,"href":"https:\/\/www.infokuryr.cz\/n\/wp-json\/wp\/v2\/comments?post=100023"}],"version-history":[{"count":0,"href":"https:\/\/www.infokuryr.cz\/n\/wp-json\/wp\/v2\/posts\/100023\/revisions"}],"wp:featuredmedia":[{"embeddable":true,"href":"https:\/\/www.infokuryr.cz\/n\/wp-json\/wp\/v2\/media\/100024"}],"wp:attachment":[{"href":"https:\/\/www.infokuryr.cz\/n\/wp-json\/wp\/v2\/media?parent=100023"}],"wp:term":[{"taxonomy":"category","embeddable":true,"href":"https:\/\/www.infokuryr.cz\/n\/wp-json\/wp\/v2\/categories?post=100023"},{"taxonomy":"post_tag","embeddable":true,"href":"https:\/\/www.infokuryr.cz\/n\/wp-json\/wp\/v2\/tags?post=100023"}],"curies":[{"name":"wp","href":"https:\/\/api.w.org\/{rel}","templated":true}]}}