{"id":100019,"date":"2026-02-20T06:05:48","date_gmt":"2026-02-20T05:05:48","guid":{"rendered":"https:\/\/www.infokuryr.cz\/n\/?p=100019"},"modified":"2026-02-20T06:05:48","modified_gmt":"2026-02-20T05:05:48","slug":"omlouvam-se-za-politiku-kterou-nesdilim-moc-casto-ale-o-tomto-musim-napsat","status":"publish","type":"post","link":"https:\/\/www.infokuryr.cz\/n\/2026\/02\/20\/omlouvam-se-za-politiku-kterou-nesdilim-moc-casto-ale-o-tomto-musim-napsat\/","title":{"rendered":"Omlouv\u00e1m se za politiku, kterou nesd\u00edl\u00edm moc \u010dasto, ale o tomto mus\u00edm napsat"},"content":{"rendered":"<div id=\"fb-root\"><\/div>\n<p>Jsem n\u011bkdo, kdo aktivn\u011b sleduje celou konzervativn\u00ed sc\u00e9nu nap\u0159\u00ed\u010d Evropou a Amerikou. Zn\u00e1m v\u0161echny podcasty v tomto politick\u00e9m spektru, influencery, m\u00e9dia \u2013 \u0161pan\u011blsk\u00e9, francouzsk\u00e9, britsk\u00e9 a opravdu velkou v\u011bt\u0161inu americk\u00fdch, kter\u00fdch je ale mraky. A kdy\u017e jsem dnes vid\u011bla titulek Seznam Zpr\u00e1v: \u201e\u010cesk\u00fd ministr zahrani\u010d\u00ed m\u011bl demonstrovat kompetenci, ale sklidil v\u00fdsm\u011bch, zat\u00edmco Petr Pavel sklidil mezin\u00e1rodn\u00ed uzn\u00e1n\u00ed\u201c, kter\u00fd je p\u0159esn\u00fd opak toho, co jsem cel\u00fd ve\u010der \u010detla na s\u00edt\u00edch od v\u011bt\u0161iny zahrani\u010dn\u00edch m\u00e9di\u00ed a influencer\u016f, kter\u00e9 sleduji, \u0159ekla jsem si, \u017ee bych mohla d\u00e1t \u010desk\u00e9mu publiku trochu objektivn\u011bj\u0161\u00ed obr\u00e1zek. Ne v\u0161ichni mluv\u00ed anglicky.<\/p>\n<p>Seznam influencer\u016f a m\u00e9di\u00ed, kte\u0159\u00ed v ned\u011bli ve\u010der nasd\u00edleli Petra Macinku v pozitivn\u00edm duchu:<\/p>\n<p>Fox News \u2013 nejv\u011bt\u0161\u00ed americk\u00e9 konzervativn\u00ed m\u00e9dium (28 mil. sleduj\u00edc\u00edch): dva \u010dl\u00e1nky \u2013 jeden z nich p\u0159epis cel\u00e9 debaty Petra Macinky a Hillary Clinton. V prvn\u00edm \u010dl\u00e1nku popisuje FOX, \u017ee j\u00ed Macinka dal \u201eCzech mate\u201c (\u0161ach mat). Te\u010f, jak to p\u00ed\u0161u, vy\u0161el o Macinkovi u\u017e t\u0159et\u00ed pozitivn\u00ed \u010dl\u00e1nek s n\u00e1zvem \u201eReality Czech\u201c.<\/p>\n<p>Mario Nawfal: australsk\u00fd koment\u00e1tor a podnikatel (3 miliony sleduj\u00edc\u00edch, \u010dasto ho sd\u00edl\u00ed Elon Musk), napsal, \u017ee Macinka se v debat\u011b ohradil proti n\u00e1lepkov\u00e1n\u00ed oponent\u016f liber\u00e1l\u016f za fa\u0161isty a \u017ee takov\u00e1 r\u00e9torika rozd\u011bluje spole\u010dnost.<\/p>\n<p>Benny Johnson: youtuber z Turning Point USA (4,1 milionu sleduj\u00edc\u00edch, nejvlivn\u011bj\u0161\u00ed konzervativn\u00ed ml\u00e1de\u017enick\u00e1 organizace v Americe) sd\u00edlel v\u00edce \u00fasek\u016f z debaty. Jeden z nich byl s Petrem Macinkou, kdy \u0159ekl, \u017ee evropsk\u00fd politik pouk\u00e1zal na to, \u017ee Hillary Clinton \u201em\u00e1 Trump derangement syndrom\u201c a \u017ee Hillary debatu nezvl\u00e1dla.<\/p>\n<p>Erik Daugherty: americk\u00fd koment\u00e1tor (991 tis. sleduj\u00edc\u00edch) napsal: \u201e\u010cesk\u00fd politik dostal celosv\u011btovou chv\u00e1lu za to, \u017ee v debat\u011b p\u0159ev\u00e1lcoval Hillary Clinton. Tento mu\u017e je legenda.\u201c<\/p>\n<p>Konzervativn\u00ed server Inevitable West (356 tis. sleduj\u00edc\u00edch) napsal: \u201e\u010cesk\u00fd politik \u2018zni\u010dil\u2019 Hillary t\u00edm, kdy\u017e j\u00ed \u0159ekl, \u017ee jsou jen dv\u011b pohlav\u00ed.\u201c<\/p>\n<p>Western Lensman, influencer (383 tis. sleduj\u00edc\u00edch), sd\u00edlel \u00fasek debaty a pak koment\u00e1\u0159: \u201eV\u0161imn\u011bte si, jak\u00e9 nastalo hrobov\u00e9 ticho v s\u00e1le, kdy\u017e j\u00ed \u0159ekl (Macinka), \u017ee levicov\u00e1 r\u00e9torika, kdy liber\u00e1lov\u00e9 \u010dasto mluv\u00ed o oponentech jako o fa\u0161istech, za\u0161la p\u0159\u00edli\u0161 daleko.\u201c<\/p>\n<p>Tudor Dixon (323 tis. sleduj\u00edc\u00edch), b\u00fdval\u00e1 kandid\u00e1tka na guvern\u00e9rku Michiganu, napsala na profil: \u201eHillary se zase jednou ztrapnila, kdy\u017e \u010desk\u00e9ho ministra zahrani\u010d\u00ed neust\u00e1le emocion\u00e1ln\u011b p\u0159eru\u0161ovala a ten j\u00ed musel \u0159\u00edct, a\u0165 nen\u00ed tak nerv\u00f3zn\u00ed.\u201c<\/p>\n<p>\u010cl\u00e1nek z Times of India sd\u00edlel na sv\u00e9m profilu Petr Macinka s\u00e1m.<\/p>\n<p>Byl to jeden z nejvir\u00e1ln\u011bj\u0161\u00edch dosah\u016f mezi konzervativn\u00edmi m\u00e9dii, kter\u00fd se kdy jak\u00e9mukoliv \u010desk\u00e9mu politikovi povedl. D\u016fvodem bylo, \u017ee se \u201eodv\u00e1\u017eil\u201c oponovat Hillary Clinton, kter\u00e1 byla v debat\u011b tu a tam p\u0159\u00edi\u0161 expresivn\u00ed, a pro zahrani\u010dn\u00ed publikum byla tato dynamika zaj\u00edmav\u00e1.<\/p>\n<p>M\u011bl n\u011bkdy Zden\u011bk H\u0159ib nebo Danu\u0161e Nerudov\u00e1 n\u011bjakou citaci v americk\u00fdch liber\u00e1ln\u00edch m\u00e9di\u00edch jako MSNBC, ABC nebo The New York Times? To by byl docela ekvivalent \u00fasp\u011bchu, kter\u00fd se povedl Petru Macinkovi. Proto\u017ee pro Petra Macinku nen\u00ed \u00fasp\u011bch, kdy\u017e ho sd\u00edl\u00ed t\u0159eba ABC \u2013 on mluv\u00ed k jin\u00e9mu typu publika. Fox News je m\u00e9dium pro jeho politickou linii a mimo\u0159\u00e1dn\u00fd \u00fasp\u011bch.<\/p>\n<p>Kdy\u017e jsem tohle napsala pod p\u0159\u00edsp\u011bvek Petra Macinky, bylo mi od p\u0159\u00edznivc\u016f opozi\u010dn\u00edch stran vy\u010dteno, \u017ee sd\u00edl\u00edm pouze reakce od profil\u016f a m\u00e9di\u00ed nav\u00e1zan\u00fdch na podporu Trumpa a MAGA, a tud\u00ed\u017e \u201enemaj\u00ed relevanci\u201c.<\/p>\n<p>Up\u0159\u00edmn\u011b m\u011b to pobavilo.<\/p>\n<p>Ukazuje to, jak rozd\u00edln\u011b dnes lid\u00e9 vn\u00edmaj\u00ed medi\u00e1ln\u00ed realitu. Pokud n\u011bjakou informaci nepotvrd\u00ed tradi\u010dn\u00ed liber\u00e1ln\u00ed m\u00e9dia typu CNN, \u010d\u00e1st publika ji automaticky pova\u017euje za nerelevantn\u00ed. Jen\u017ee medi\u00e1ln\u00ed sv\u011bt u\u017e d\u00e1vno nen\u00ed jen o n\u011bkolika velk\u00fdch stanic\u00edch.<\/p>\n<p>Z t\u011bchto \u00fadajn\u011b \u201enerelevantn\u00edch\u201c influencer\u016f a m\u00e9di\u00ed dnes \u010derp\u00e1m informace nejen j\u00e1, ale i miliony dal\u0161\u00edch lid\u00ed. Online m\u00e9dia, podcasty a velk\u00e9 profily na s\u00edt\u00edch u\u017e d\u00e1vno nejsou okrajov\u00fdm fenom\u00e9nem \u2013 jsou to platformy, kter\u00e9 formuj\u00ed ve\u0159ejn\u00e9 m\u00edn\u011bn\u00ed a re\u00e1ln\u011b ovliv\u0148uj\u00ed politick\u00e9 v\u00fdsledky. Ignorovat jejich vliv znamen\u00e1 ignorovat podstatnou \u010d\u00e1st sou\u010dasn\u00e9 medi\u00e1ln\u00ed reality.<\/p>\n<p>Pokud se v\u00fdznamn\u00e1 \u010d\u00e1st konzervativn\u00ed americk\u00e9 influencersk\u00e9 komunity s milionov\u00fdmi dosahy na s\u00edt\u00edch postav\u00ed za Petra Macinku a hodnot\u00ed jeho vystoupen\u00ed pozitivn\u011b, pak tvrdit, \u017ee sklidil \u201ev\u00fdsm\u011bch\u201c, je p\u0159inejmen\u0161\u00edm velmi jednostrann\u00e9 a rozhodn\u011b to spr\u00e1vn\u011b nepopisuje to, co se na mezin\u00e1rodn\u00ed sc\u00e9n\u011b skute\u010dn\u011b v\u010dera ve\u010der stalo. A \u00fakolem m\u00e9di\u00ed by m\u011blo b\u00fdt realitu popisovat \u2013 ne selektivn\u011b vyb\u00edrat jen tu \u010d\u00e1st, kter\u00e1 zapad\u00e1 do jejich r\u00e1mce.<\/p>\n<p>Budu r\u00e1da za sd\u00edlen\u00ed, pokud v\u00e1m z\u00e1le\u017e\u00ed na kvalitn\u011bj\u0161\u00ed medi\u00e1ln\u00ed kultu\u0159e v \u010cR.<\/p>\n<p><iframe loading=\"lazy\" src=\"https:\/\/www.facebook.com\/plugins\/post.php?href=https%3A%2F%2Fwww.facebook.com%2Fnatalie.lavrincikova%2Fposts%2Fpfbid0KQp4Xu9wpzjfsJ6DvsTiYPprKm65zMeDEFUq5uoqW673YzD5EVSGuZaRKtMykMuwl&amp;show_text=true&amp;width=500\" width=\"500\" height=\"562\" frameborder=\"0\" scrolling=\"no\" allowfullscreen=\"allowfullscreen\" data-mce-fragment=\"1\"><\/iframe><\/p>\n<p>*****<\/p>\n<p><strong><em><a href=\"https:\/\/www.facebook.com\/natalie.lavrincikova\/posts\/10164473217910101?ref=embed_post\">Nat\u00e1lie Jahodov\u00e1<\/a><\/em><\/strong><\/p>\n<p>&nbsp;<\/p>\n<p>&nbsp;<\/p>\n","protected":false},"excerpt":{"rendered":"<p>Jsem n\u011bkdo, kdo aktivn\u011b sleduje celou konzervativn\u00ed sc\u00e9nu nap\u0159\u00ed\u010d Evropou a Amerikou. Zn\u00e1m v\u0161echny podcasty&#8230;<\/p>\n","protected":false},"author":2,"featured_media":100020,"comment_status":"closed","ping_status":"closed","sticky":false,"template":"","format":"standard","meta":[],"categories":[6],"tags":[4932,1503,10377,158],"_links":{"self":[{"href":"https:\/\/www.infokuryr.cz\/n\/wp-json\/wp\/v2\/posts\/100019"}],"collection":[{"href":"https:\/\/www.infokuryr.cz\/n\/wp-json\/wp\/v2\/posts"}],"about":[{"href":"https:\/\/www.infokuryr.cz\/n\/wp-json\/wp\/v2\/types\/post"}],"author":[{"embeddable":true,"href":"https:\/\/www.infokuryr.cz\/n\/wp-json\/wp\/v2\/users\/2"}],"replies":[{"embeddable":true,"href":"https:\/\/www.infokuryr.cz\/n\/wp-json\/wp\/v2\/comments?post=100019"}],"version-history":[{"count":0,"href":"https:\/\/www.infokuryr.cz\/n\/wp-json\/wp\/v2\/posts\/100019\/revisions"}],"wp:featuredmedia":[{"embeddable":true,"href":"https:\/\/www.infokuryr.cz\/n\/wp-json\/wp\/v2\/media\/100020"}],"wp:attachment":[{"href":"https:\/\/www.infokuryr.cz\/n\/wp-json\/wp\/v2\/media?parent=100019"}],"wp:term":[{"taxonomy":"category","embeddable":true,"href":"https:\/\/www.infokuryr.cz\/n\/wp-json\/wp\/v2\/categories?post=100019"},{"taxonomy":"post_tag","embeddable":true,"href":"https:\/\/www.infokuryr.cz\/n\/wp-json\/wp\/v2\/tags?post=100019"}],"curies":[{"name":"wp","href":"https:\/\/api.w.org\/{rel}","templated":true}]}}