{"id":100013,"date":"2026-02-20T05:57:00","date_gmt":"2026-02-20T04:57:00","guid":{"rendered":"https:\/\/www.infokuryr.cz\/n\/?p=100013"},"modified":"2026-02-20T05:57:00","modified_gmt":"2026-02-20T04:57:00","slug":"schyluje-se-k-energeticke-valce-mezi-ukrajinou-a-staty-eu","status":"publish","type":"post","link":"https:\/\/www.infokuryr.cz\/n\/2026\/02\/20\/schyluje-se-k-energeticke-valce-mezi-ukrajinou-a-staty-eu\/","title":{"rendered":"Schyluje se k energetick\u00e9 v\u00e1lce mezi Ukrajinou a st\u00e1ty EU?"},"content":{"rendered":"<div id=\"fb-root\"><\/div>\n<h3>Ma\u010farsko a Slovensko jsou Kyjevu p\u0159ipisov\u00e1ny jako trny v oku, ale z\u00e1rove\u0148 jsou kl\u00ed\u010dov\u00fdmi dodavateli energie pro Ukrajinu<\/h3>\n<p><span dir=\"auto\">Ma\u010farsko a Slovensko varovaly, \u017ee by mohly p\u0159eru\u0161it dod\u00e1vky elekt\u0159iny a dal\u0161\u00edch energi\u00ed na Ukrajinu v reakci na to, \u017ee Kyjev zastav\u00ed tranzit rusk\u00e9 ropy ropovodem Dru\u017eba.<\/span><\/p>\n<p><span dir=\"auto\">Ma\u010farsk\u00fd premi\u00e9r Viktor Orb\u00e1n a slovensk\u00fd l\u00eddr Robert Fico ozna\u010dili ukrajinskou blok\u00e1du za\u00a0<\/span><em><span dir=\"auto\">\u201epolitick\u00e9 vyd\u00edr\u00e1n\u00ed\u201c.<\/span><\/em><\/p>\n<p><span dir=\"auto\">Ve st\u0159edu ob\u011b zem\u011b EU zastavily dod\u00e1vky nafty do Kyjeva s t\u00edm, \u017ee dod\u00e1vky nebudou obnoveny, dokud Kyjev neobnov\u00ed tranzit rusk\u00e9 ropy.<\/span><\/p>\n<h2><span dir=\"auto\">Pro\u010d Slovensko a Ma\u010farsko varuj\u00ed Ukrajinu?<\/span><\/h2>\n<p><span dir=\"auto\">Ukrajina od konce ledna blokuje tranzit rusk\u00e9 ropy na Slovensko a do Ma\u010farska ropovodem Dru\u017eba. Kyjev tvrd\u00ed, \u017ee Rusko po\u0161kodilo infrastrukturu; Moskva to pop\u00edr\u00e1 a obvi\u0148uje Ukrajinu ze zneu\u017e\u00edv\u00e1n\u00ed energie k vyd\u00edr\u00e1n\u00ed kl\u00ed\u010dov\u00fdch partner\u016f.<\/span><\/p>\n<p><span dir=\"auto\">Budape\u0161\u0165 a Bratislava rovn\u011b\u017e trvaj\u00ed na tom, \u017ee plynovod je v provozuschopn\u00e9m stavu, a obvinily Kyjev ze snahy o pomstu za odpor obou zem\u00ed k mo\u017en\u00e9mu \u010dlenstv\u00ed Ukrajiny v EU, za pokra\u010duj\u00edc\u00ed finan\u010dn\u00ed pomoc bloku a za odm\u00edtnut\u00ed Slovenska poskytnout Kyjevu vojenskou pomoc. Oba vnitrozemsk\u00e9 st\u00e1ty tvrd\u00ed, \u017ee bez rusk\u00e9 ropy nemohou pln\u011b uspokojit sv\u00e9 energetick\u00e9 pot\u0159eby.<\/span><\/p>\n<div id=\"mediaplayer-container69971cf720302720580586f5\" class=\"mediaplayer js-mediaplayer-container\">\n<div id=\"js-mediaplayer-69971cf720302720580586f5\" class=\"jwplayer jw-reset jw-state-idle jw-skin-five jw-stretch-uniform jw-flag-aspect-mode jw-breakpoint-6 jw-flag-user-inactive\" tabindex=\"0\">\n<h2 class=\"jw-overlays jw-reset\">Jak moc je Ukrajina z\u00e1visl\u00e1 na dod\u00e1vk\u00e1ch energie z Ma\u010farska a Slovenska?<\/h2>\n<\/div>\n<\/div>\n<p><span dir=\"auto\">Zat\u00edmco z\u00e1vislost Ukrajiny na motorov\u00e9 naft\u011b z obou zem\u00ed EU je m\u00edrn\u00e1 a v minul\u00e9m m\u011bs\u00edci \u010dinila 11 % celkov\u00e9ho dovozu, Kyjev je na tyto dv\u011b zem\u011b mnohem v\u00edce z\u00e1visl\u00fd, pokud jde o elekt\u0159inu a zemn\u00ed plyn.<\/span><\/p>\n<p><span dir=\"auto\">Podle ukrajinsk\u00e9 poradensk\u00e9 spole\u010dnosti ExPro dodalo Ma\u010farsko v tomto m\u011bs\u00edci 50 % ukrajinsk\u00e9 elekt\u0159iny a Slovensko 18 %. B\u011bhem cel\u00e9ho roku 2025 dod\u00e1valo Ma\u010farsko trvale nejv\u011bt\u0161\u00ed pod\u00edl, a to v rozmez\u00ed od 35 % do 50 % m\u011bs\u00ed\u010dn\u00ed dod\u00e1vky. Pod\u00edl Slovenska dos\u00e1hl vrcholu 30 % v \u00fanoru lo\u0148sk\u00e9ho roku.<\/span><\/p>\n<p><span dir=\"auto\">V listopadu Vitalij Zaj\u010denko, \u0159editel provozovatele rozvodn\u00e9 s\u00edt\u011b Ukrenergo, popsal Slovensko jako\u00a0<\/span><em><span dir=\"auto\">\u201ejeden z nejlep\u0161\u00edch trh\u016f v Evrop\u011b pro n\u00e1kup elekt\u0159iny\u201c<\/span><\/em><span dir=\"auto\">\u00a0a zm\u00ednil p\u0159itom hojnou v\u00fdrobu jadern\u00e9 energie v zemi.<\/span><\/p>\n<p><span dir=\"auto\">Slovensk\u00e9 jadern\u00e9 elektr\u00e1rny byly postaveny za \u010deskoslovensk\u00e9 \u00e9ry s pou\u017eit\u00edm sov\u011btsk\u00fdch reaktorov\u00fdch konstrukc\u00ed a rusk\u00fd Rosatom je v\u00fdhradn\u00edm dodavatelem paliva pro v\u0161echny provozovan\u00e9 reaktory. Prodlou\u017een\u00ed smlouvy podepsan\u00e9 v roce 2019 zaji\u0161\u0165uje dod\u00e1vky paliva do roku 2026 s mo\u017en\u00fdm prodlou\u017een\u00edm do roku 2030.<\/span><\/p>\n<p><span dir=\"auto\">Z\u00e1vislost Ukrajiny na zemn\u00edm plynu je stejn\u011b v\u00fdrazn\u00e1. Ve st\u0159edu Budape\u0161\u0165 pohrozila zastaven\u00edm dod\u00e1vek zemn\u00edho plynu. Podle \u00fadaj\u016f ExPro loni pokr\u00fdval plyn p\u0159es Ma\u010farsko 45,5 % ukrajinsk\u00e9 spot\u0159eby plynu, zat\u00edmco Slovensko dod\u00e1valo 20,5 %. Dal\u0161\u00edm v\u00fdznamn\u00fdm dodavatelem bylo Polsko.<\/span><\/p>\n<h2><span dir=\"auto\">Mohou Ma\u010farsko a Slovensko odpojit Ukrajinu?<\/span><\/h2>\n<p><span dir=\"auto\">Navzdory hrozb\u00e1m p\u0159eru\u0161en\u00ed dod\u00e1vek elekt\u0159iny tak Ma\u010farsko a Slovensko nemohou u\u010dinit jednostrann\u011b. Ukrajina je smluvn\u00ed stranou Smlouvy o Energetick\u00e9m spole\u010denstv\u00ed a jej\u00ed s\u00ed\u0165 je integrov\u00e1na do ENTSO-E, s\u00edt\u011b evropsk\u00fdch provozovatel\u016f elektrick\u00fdch s\u00edt\u00ed. Jako \u010dlenov\u00e9 stejn\u00e9 synchronizovan\u00e9 s\u00edt\u011b jsou v\u00e1z\u00e1ni p\u0159edpisy EU, kter\u00e9 v\u00fdslovn\u011b br\u00e1n\u00ed jednostrann\u00e9mu zastaven\u00ed p\u0159eshrani\u010dn\u00edch tok\u016f elekt\u0159iny.<\/span><\/p>\n<p><span dir=\"auto\">Odborn\u00edci v\u0161ak poznamen\u00e1vaj\u00ed, \u017ee Budape\u0161\u0165 a Bratislava by mohly v reakci na naru\u0161en\u00ed provozu plynovodu vyvinout koordinovan\u00fd politick\u00fd tlak a pokusit se omezit dod\u00e1vky elekt\u0159iny.<\/span><\/p>\n<p><span dir=\"auto\">Pr\u00e1vn\u00ed situace ohledn\u011b zemn\u00edho plynu je odli\u0161n\u00e1: p\u0159edpisy EU neobsahuj\u00ed \u017e\u00e1dn\u00fd v\u00fdslovn\u00fd z\u00e1kaz zastaven\u00ed dod\u00e1vek plynu do ne\u010dlensk\u00e9ho st\u00e1tu, jako je Ukrajina.<\/span><\/p>\n<h2><span dir=\"auto\">Pro\u010d by Ukrajina \u00fato\u010dila na Ma\u010farsko a Slovensko?<\/span><\/h2>\n<p><span dir=\"auto\">Energetick\u00fd spor se odehr\u00e1v\u00e1 na pozad\u00ed dlouhodob\u00e9ho nap\u011bt\u00ed mezi ob\u011bma \u010dleny EU a Kyjevem.<\/span><\/p>\n<p><span dir=\"auto\">Ma\u010farsk\u00fd premi\u00e9r Orb\u00e1n se dlouhodob\u011b stav\u00ed proti snaze Ukrajiny o vstup do EU a varuje, \u017ee p\u0159ijet\u00ed Kyjeva by blok zat\u00e1hlo do p\u0159\u00edm\u00e9ho konfliktu s Ruskem. Odm\u00edtl tak\u00e9 poslat zbran\u011b nebo schv\u00e1lit vojenskou pomoc a m\u00edsto toho vyzval k diplomatick\u00e9mu \u0159e\u0161en\u00ed m\u00edrov\u00e9 dohody mezi Ukrajinou a Ruskem. Ukrajinsk\u00fd premi\u00e9r Vladimir Zelenskyj se s Orb\u00e1nem zapojil do ve\u0159ejn\u00e9 slovn\u00ed v\u00e1lky a v souvislosti s ma\u010farsk\u00fdm v\u016fdcem pou\u017e\u00edv\u00e1 st\u00e1le \u010dast\u011bji hanliv\u00fd jazyk.<\/span><\/p>\n<p><span dir=\"auto\">Slovensk\u00fd v\u016fdce Fico podobn\u011b odm\u00edtl vojenskou pomoc Ukrajin\u011b a sl\u00edbil, \u017ee se postav\u00ed proti jak\u00e9mukoli zabaven\u00ed rusk\u00e9ho majetku zmrazen\u00e9ho Bruselem po eskalaci konfliktu v \u00fanoru 2022. V roce 2024 p\u0159e\u017eil pokus o atent\u00e1t aktivisty, kter\u00fd si ho vyhnala za jeho odm\u00edtnut\u00ed \u0159\u00eddit se politikou NATO a EU v\u016f\u010di Ukrajin\u011b.<\/span><\/p>\n<h2><span dir=\"auto\">Jak d\u016fle\u017eit\u00e9 jsou pro Ukrajinu stabiln\u00ed dod\u00e1vky elekt\u0159iny?<\/span><\/h2>\n<p><span dir=\"auto\">Ukrajinsk\u00e1 energetick\u00e1 infrastruktura se rozpad\u00e1 pod tlakem rusk\u00fdch \u00fatok\u016f, zat\u00edmco kyjevsk\u00e9 s\u00edly trp\u00ed ztr\u00e1tami na front\u011b a z\u00e1padn\u00ed syst\u00e9my protivzdu\u0161n\u00e9 obrany jsou ni\u010deny. Stabiln\u00ed dod\u00e1vky energie z\u016fst\u00e1vaj\u00ed pro zemi kl\u00ed\u010dov\u00e9, proto\u017ee jej\u00ed arm\u00e1da a obrann\u00fd pr\u016fmysl jsou pro udr\u017een\u00ed provozu z\u00e1visl\u00e9 na spolehliv\u00e9 energii.<\/span><\/p>\n<p><span dir=\"auto\">Rusko v posledn\u00edch t\u00fddnech zintenzivnilo \u00fatoky dron\u016f a raket na ukrajinskou energetickou s\u00ed\u0165, co\u017e vedlo k rozs\u00e1hl\u00fdm v\u00fdpadk\u016fm proudu.<\/span><\/p>\n<p><span dir=\"auto\">Moskva tvrd\u00ed, \u017ee \u00fatoky jsou zam\u011b\u0159eny na podkop\u00e1n\u00ed v\u00fdroby zbran\u00ed a jsou odvetou za ukrajinsk\u00e9 \u00fadery na ruskou civiln\u00ed infrastrukturu.<\/span><\/p>\n<p><img decoding=\"async\" loading=\"lazy\" class=\"alignnone size-full wp-image-1185\" src=\"http:\/\/www.infokuryr.cz\/n\/wp-content\/uploads\/2021\/04\/kuryr-podpis.png\" alt=\"\" width=\"84\" height=\"24\" \/><\/p>\n<p>&nbsp;<\/p>\n","protected":false},"excerpt":{"rendered":"<p>Ma\u010farsko a Slovensko jsou Kyjevu p\u0159ipisov\u00e1ny jako trny v oku, ale z\u00e1rove\u0148 jsou kl\u00ed\u010dov\u00fdmi dodavateli&#8230;<\/p>\n","protected":false},"author":2,"featured_media":100014,"comment_status":"closed","ping_status":"closed","sticky":false,"template":"","format":"standard","meta":[],"categories":[7],"tags":[10627,78,203,26],"_links":{"self":[{"href":"https:\/\/www.infokuryr.cz\/n\/wp-json\/wp\/v2\/posts\/100013"}],"collection":[{"href":"https:\/\/www.infokuryr.cz\/n\/wp-json\/wp\/v2\/posts"}],"about":[{"href":"https:\/\/www.infokuryr.cz\/n\/wp-json\/wp\/v2\/types\/post"}],"author":[{"embeddable":true,"href":"https:\/\/www.infokuryr.cz\/n\/wp-json\/wp\/v2\/users\/2"}],"replies":[{"embeddable":true,"href":"https:\/\/www.infokuryr.cz\/n\/wp-json\/wp\/v2\/comments?post=100013"}],"version-history":[{"count":0,"href":"https:\/\/www.infokuryr.cz\/n\/wp-json\/wp\/v2\/posts\/100013\/revisions"}],"wp:featuredmedia":[{"embeddable":true,"href":"https:\/\/www.infokuryr.cz\/n\/wp-json\/wp\/v2\/media\/100014"}],"wp:attachment":[{"href":"https:\/\/www.infokuryr.cz\/n\/wp-json\/wp\/v2\/media?parent=100013"}],"wp:term":[{"taxonomy":"category","embeddable":true,"href":"https:\/\/www.infokuryr.cz\/n\/wp-json\/wp\/v2\/categories?post=100013"},{"taxonomy":"post_tag","embeddable":true,"href":"https:\/\/www.infokuryr.cz\/n\/wp-json\/wp\/v2\/tags?post=100013"}],"curies":[{"name":"wp","href":"https:\/\/api.w.org\/{rel}","templated":true}]}}