{"id":100011,"date":"2026-02-20T05:33:01","date_gmt":"2026-02-20T04:33:01","guid":{"rendered":"https:\/\/www.infokuryr.cz\/n\/?p=100011"},"modified":"2026-02-20T05:33:01","modified_gmt":"2026-02-20T04:33:01","slug":"jiri-vyvadil-macinka-si-podmanil-trumpa","status":"publish","type":"post","link":"https:\/\/www.infokuryr.cz\/n\/2026\/02\/20\/jiri-vyvadil-macinka-si-podmanil-trumpa\/","title":{"rendered":"Ji\u0159\u00ed Vyvadil: Macinka si podmanil Trumpa"},"content":{"rendered":"<div id=\"fb-root\"><\/div>\n<p><strong>Nechci se opakovat. Ale kdy\u017e si \u010dlov\u011bk porovn\u00e1 proud \u0161ediv\u00fdch my\u0161\u00ed z na\u0161ich m\u00e9di\u00ed, po\u010d\u00ednaje Hospod\u00e1\u0159sk\u00fdmi novinami, Pr\u00e1vem \u010di MF DNES, kter\u00e9 i dnes pokra\u010duj\u00ed v jednostrann\u00e9 kampani proti skv\u011bl\u00e9 reprezentaci ministrem zahrani\u010dn\u00edch v\u011bc\u00ed Petr Macinkou na Mnichovsk\u00e9 konferenci, kde doslova p\u0159ev\u00e1lcoval arogantn\u011b vystupuj\u00edc\u00ed b\u00fdvalou ministryni zahrani\u010dn\u00edch v\u011bc\u00ed vtipnou by\u0165 logicky nezbytn\u011b lehce zaost\u0159enou filipikou, r\u00e1d kr\u00e1tce ocituji dne\u0161n\u00ed prohl\u00e1\u0161en\u00ed prezidenta Spojen\u00fdch st\u00e1t\u016f americk\u00fdch Donalda Trumpa.<\/strong><\/p>\n<p><strong>47. prezident USA Donald Trump ve\u0159ejn\u011b ocenil \u010desk\u00e9ho ministra zahrani\u010d\u00ed Petra Macinku (Motorist\u00e9). \u201ePozdravujte v\u0161echny ve va\u0161\u00ed \u00fa\u017easn\u00e9 zemi!\u201c zd\u016fraznil Trump na adresu Macinky a \u010ceska.<\/strong><\/p>\n<p>Je t\u0159eba si p\u0159ipomenout, koho nastoupil ve funkci.<\/p>\n<p>Byl to podivn\u00fd politick\u00fd mnohoobro\u010dn\u00edk \u2013 nap\u016fl Pir\u00e1t \u2013 nap\u016fl \u00d3des\u00e1k, Jan Lipavsk\u00fd, kter\u00fd sice byl spr\u00e1vn\u011b politicky anga\u017eovan\u00fd v\u00a0bezv\u00fdhradn\u00e9 podpo\u0159e Ukrajiny a por\u00e1\u017ece Ruska, ale kdy\u017e naposledy nav\u0161t\u00edvil je\u0161t\u011b ve funkci ministra zahrani\u010dn\u00edch v\u011bc\u00ed USA, kde ho nep\u0159ijal ani jeden by\u0165 nev\u00fdznamn\u00fd \u00fa\u0159edn\u00edk vl\u00e1dnouc\u00ed Trumpovy administrativy a on vys\u00edlal do Prahy trapn\u00e9 report\u00e1\u017ee, jak se za na\u0161e pen\u00edze jen tak poflakoval po USA a sd\u011bloval, \u017ee Babi\u0161ova reprezentace nem\u00e1 u Trumpa \u0161anci.<\/p>\n<p>Ale ideologicky byl soudruh Lipavsk\u00fd zcela na v\u00fd\u0161i. Boj za Ukrajinu je p\u0159ece hlavn\u00edm c\u00edlem \u010ceska.<\/p>\n<p>P\u0159ipome\u0148me si, \u017ee Petr Macinka<\/p>\n<p>Ministr zahrani\u010d\u00ed Petr Macinka sv\u00fdm vystoupen\u00edm na Mnichovsk\u00e9 bezpe\u010dnostn\u00ed\u00a0konfrenci zaujal\u00a0velkou skupinu americk\u00fdch p\u0159\u00edznivc\u016f prezidenta Donalda Trumpa. Ocenili, \u017ee se neohro\u017een\u011b postavil b\u00fdval\u00e9 americk\u00e9 ministryni zahrani\u010d\u00ed Hillary Clintonov\u00e9.<\/p>\n<p>Te\u010f mu zatleskal i Donald Trump. A poslal pozdravy do \u010cesk\u00e9 republiky.<\/p>\n<p>\u201e\u010cesk\u00fd m\u00edstop\u0159edseda vl\u00e1dy Petr Macinka: Skv\u011bl\u00e1 pr\u00e1ce v debat\u011b s Hillary Clintonovou na r\u016fzn\u00e1 t\u00e9mata v\u010detn\u011b jej\u00edch absurdn\u00edch n\u00e1zor\u016f na gender. Pozdravujte v\u0161echny ve va\u0161\u00ed \u00fa\u017easn\u00e9 zemi! Prezident DJT,\u201c napsal na sv\u00e9 soci\u00e1ln\u00ed s\u00edti Truth Social.<\/p>\n<p>U\u017e jsem jednou napsal, \u017ee jsem hrd\u00fd na sv\u00e9ho ministra zahrani\u010dn\u00edch v\u011bc\u00ed.<\/p>\n<p>A jen \u010dek\u00e1m, zda n\u011bkdo z\u00a0t\u011bch, kte\u0159\u00ed takov\u00e9ho \u00fasp\u011bchu na zahrani\u010dn\u00edch poli nedos\u00e1hli se chytnou za nos.<\/p>\n<p>Ale bohu\u017eel to v\u00edm.<\/p>\n<p>Nechytnou. Nemaj\u00ed \u00farove\u0148. I Havel, kdyby dnes je\u0161t\u011b \u017eil, by jist\u011b Macinkovi\u00a0 hlasit\u011b zatleskal a p\u0159i nejbli\u017e\u0161\u00ed p\u0159\u00edle\u017eitosti by mu hodil n\u011bjak\u00e9 to st\u00e1tn\u00ed vyznamen\u00e1n\u00ed.<\/p>\n<p>Aby americk\u00fd prezident takto vysoce ocenil \u010desk\u00e9ho ministra tady je\u0161t\u011b nebylo.<\/p>\n<p>Ale od sou\u010dasn\u00fdch mainstreamov\u00fdch m\u00e9di\u00ed a sou\u010dasn\u00e9 opozice smysl pro element\u00e1rn\u00ed vyv\u00e1\u017eenost neo\u010dek\u00e1vejme.<\/p>\n<p>Trump v\u00ed, kdo je v\u00a0\u010cesku kdo. A ruku na srdce . Ne\u017e skon\u010d\u00ed ve funkci za dva a p\u016fl roku zcela jist\u011b m\u016f\u017eeme z\u00a0toho t\u011b\u017eit. A dokonce i Macink\u016fv vl\u00e1dn\u011b nad\u0159\u00edzen\u00fd Andrej Babi\u0161.<\/p>\n<p><img decoding=\"async\" loading=\"lazy\" class=\"aligncenter\" src=\"https:\/\/vasevec.info\/sites\/default\/files\/images\/2595\/trump_macinka.jpg\" alt=\"\" width=\"555\" height=\"461\" \/><\/p>\n<p><a href=\"https:\/\/vasevec.info\/komentare\/macinka-zaujal-trumpa\">Ji\u0159\u00ed Vyvadil<\/a><\/p>\n<p><img decoding=\"async\" loading=\"lazy\" class=\"alignnone size-medium wp-image-16474\" src=\"http:\/\/www.infokuryr.cz\/n\/wp-content\/uploads\/2022\/10\/jiri-vyvadil-300x200.jpg\" alt=\"\" width=\"300\" height=\"200\" srcset=\"https:\/\/www.infokuryr.cz\/n\/wp-content\/uploads\/2022\/10\/jiri-vyvadil-300x200.jpg 300w, https:\/\/www.infokuryr.cz\/n\/wp-content\/uploads\/2022\/10\/jiri-vyvadil-768x512.jpg 768w, https:\/\/www.infokuryr.cz\/n\/wp-content\/uploads\/2022\/10\/jiri-vyvadil.jpg 800w\" sizes=\"(max-width: 300px) 100vw, 300px\" \/><\/p>\n<p>&nbsp;<\/p>\n<p>&nbsp;<\/p>\n","protected":false},"excerpt":{"rendered":"<p>Nechci se opakovat. Ale kdy\u017e si \u010dlov\u011bk porovn\u00e1 proud \u0161ediv\u00fdch my\u0161\u00ed z na\u0161ich m\u00e9di\u00ed, po\u010d\u00ednaje&#8230;<\/p>\n","protected":false},"author":2,"featured_media":100012,"comment_status":"closed","ping_status":"closed","sticky":false,"template":"","format":"standard","meta":[],"categories":[6],"tags":[1503,10478,452],"_links":{"self":[{"href":"https:\/\/www.infokuryr.cz\/n\/wp-json\/wp\/v2\/posts\/100011"}],"collection":[{"href":"https:\/\/www.infokuryr.cz\/n\/wp-json\/wp\/v2\/posts"}],"about":[{"href":"https:\/\/www.infokuryr.cz\/n\/wp-json\/wp\/v2\/types\/post"}],"author":[{"embeddable":true,"href":"https:\/\/www.infokuryr.cz\/n\/wp-json\/wp\/v2\/users\/2"}],"replies":[{"embeddable":true,"href":"https:\/\/www.infokuryr.cz\/n\/wp-json\/wp\/v2\/comments?post=100011"}],"version-history":[{"count":0,"href":"https:\/\/www.infokuryr.cz\/n\/wp-json\/wp\/v2\/posts\/100011\/revisions"}],"wp:featuredmedia":[{"embeddable":true,"href":"https:\/\/www.infokuryr.cz\/n\/wp-json\/wp\/v2\/media\/100012"}],"wp:attachment":[{"href":"https:\/\/www.infokuryr.cz\/n\/wp-json\/wp\/v2\/media?parent=100011"}],"wp:term":[{"taxonomy":"category","embeddable":true,"href":"https:\/\/www.infokuryr.cz\/n\/wp-json\/wp\/v2\/categories?post=100011"},{"taxonomy":"post_tag","embeddable":true,"href":"https:\/\/www.infokuryr.cz\/n\/wp-json\/wp\/v2\/tags?post=100011"}],"curies":[{"name":"wp","href":"https:\/\/api.w.org\/{rel}","templated":true}]}}