{"id":10001,"date":"2022-04-27T01:36:24","date_gmt":"2022-04-26T23:36:24","guid":{"rendered":"http:\/\/www.infokuryr.cz\/n\/?p=10001"},"modified":"2022-04-26T17:27:10","modified_gmt":"2022-04-26T15:27:10","slug":"eva-hrindova-uz-mate-bunkr","status":"publish","type":"post","link":"https:\/\/www.infokuryr.cz\/n\/2022\/04\/27\/eva-hrindova-uz-mate-bunkr\/","title":{"rendered":"Eva Hrindov\u00e1: U\u017e m\u00e1te bunkr?"},"content":{"rendered":"<div id=\"fb-root\"><\/div>\n<div class=\"anotace\">\n<div class=\"field field-name-field-anotace field-type-text-long field-label-hidden\">\n<div class=\"field-items\">\n<div class=\"field-item even\">Ministr V\u00e1lek si pl\u00e1nuje pravideln\u00e9 p\u0159eo\u010dkov\u00e1v\u00e1n\u00ed na covid, kdo bude nachlazen\u00fd, bude se muset testovat. V\u0161echno to bude st\u00e1t \u0161\u00edlen\u00e9 miliardy. Ale do jeho \u00favah se mu vloudila drobn\u00e1 chybi\u010dka. Lidi mu u\u017e na o\u010dkov\u00e1n\u00ed ka\u0161lou.<\/div>\n<\/div>\n<\/div>\n<\/div>\n<div class=\"text\">\n<div class=\"field field-name-body field-type-text-with-summary field-label-hidden\">\n<div class=\"field-items\">\n<div class=\"field-item even\">\n<p>I ti nejnaivn\u011bj\u0161\u00ed z naivn\u00edch vid\u00ed, \u017ee o\u010dkov\u00e1n\u00ed nefunguje. Ba naopak &#8211; zhor\u0161uje jejich imunitu a ti, kte\u0159\u00ed tu \u0161makul\u00e1du p\u0159e\u017eili, b\u011bhaj\u00ed po doktorech. Proto\u017ee bolesti kloub\u016f, probl\u00e9my s krv\u00ed, embolie, opakovan\u00e9 nemoci v\u010detn\u011b covidu, \u00fanava, probl\u00e9my s tlakem a dal\u0161\u00ed a dal\u0161\u00ed pot\u00ed\u017ee.<\/p>\n<p>A tak si \u0159\u00edk\u00e1m, jak n\u00e1s pan ministr donut\u00ed? Pokuty u\u017e asi fungovat nebudou, proto\u017ee do podzimu v\u0161ichni zchudneme a nebude n\u00e1m co vz\u00edt. &#8222;Ukrajinsk\u00e1&#8220; pomoc n\u00e1s docela vy\u010derp\u00e1v\u00e1, tak\u017ee ani st\u00e1t nebude m\u00edt na posilov\u00e1n\u00ed represivn\u00edch slo\u017eek. T\u011b\u017eko vytvo\u0159\u00ed arm\u00e1du hl\u00eddek, kter\u00e9 n\u00e1s budou nah\u00e1n\u011bt s jehlou. Ale blbost a nezodpov\u011bdnost Fialovy vl\u00e1dy je obrovsk\u00e1, mo\u017en\u00e1 se do\u010dk\u00e1me i toho &#8222;nah\u00e1n\u011bn\u00ed&#8220;.<\/p>\n<p>Podzim si u\u017eijeme, tajn\u00fd bunkr se z\u00e1sobou j\u00eddla se bude hodit.<\/p>\n<\/div>\n<p><a href=\"https:\/\/www.evahrindova.cz\/uz-mate-bunkr\">Eva Hrindov\u00e1<\/a><\/p>\n<p>&nbsp;<\/p>\n<\/div>\n<\/div>\n<\/div>\n","protected":false},"excerpt":{"rendered":"<p>Ministr V\u00e1lek si pl\u00e1nuje pravideln\u00e9 p\u0159eo\u010dkov\u00e1v\u00e1n\u00ed na covid, kdo bude nachlazen\u00fd, bude se muset testovat&#8230;.<\/p>\n","protected":false},"author":2,"featured_media":10002,"comment_status":"closed","ping_status":"closed","sticky":false,"template":"","format":"standard","meta":[],"categories":[6],"tags":[23,213,1601],"_links":{"self":[{"href":"https:\/\/www.infokuryr.cz\/n\/wp-json\/wp\/v2\/posts\/10001"}],"collection":[{"href":"https:\/\/www.infokuryr.cz\/n\/wp-json\/wp\/v2\/posts"}],"about":[{"href":"https:\/\/www.infokuryr.cz\/n\/wp-json\/wp\/v2\/types\/post"}],"author":[{"embeddable":true,"href":"https:\/\/www.infokuryr.cz\/n\/wp-json\/wp\/v2\/users\/2"}],"replies":[{"embeddable":true,"href":"https:\/\/www.infokuryr.cz\/n\/wp-json\/wp\/v2\/comments?post=10001"}],"version-history":[{"count":0,"href":"https:\/\/www.infokuryr.cz\/n\/wp-json\/wp\/v2\/posts\/10001\/revisions"}],"wp:featuredmedia":[{"embeddable":true,"href":"https:\/\/www.infokuryr.cz\/n\/wp-json\/wp\/v2\/media\/10002"}],"wp:attachment":[{"href":"https:\/\/www.infokuryr.cz\/n\/wp-json\/wp\/v2\/media?parent=10001"}],"wp:term":[{"taxonomy":"category","embeddable":true,"href":"https:\/\/www.infokuryr.cz\/n\/wp-json\/wp\/v2\/categories?post=10001"},{"taxonomy":"post_tag","embeddable":true,"href":"https:\/\/www.infokuryr.cz\/n\/wp-json\/wp\/v2\/tags?post=10001"}],"curies":[{"name":"wp","href":"https:\/\/api.w.org\/{rel}","templated":true}]}}