{"id":100009,"date":"2026-02-20T05:26:58","date_gmt":"2026-02-20T04:26:58","guid":{"rendered":"https:\/\/www.infokuryr.cz\/n\/?p=100009"},"modified":"2026-02-20T05:26:58","modified_gmt":"2026-02-20T04:26:58","slug":"pierre-duval-spojene-staty-jsou-na-pokraji-valky-s-iranem","status":"publish","type":"post","link":"https:\/\/www.infokuryr.cz\/n\/2026\/02\/20\/pierre-duval-spojene-staty-jsou-na-pokraji-valky-s-iranem\/","title":{"rendered":"Pierre Duval: Spojen\u00e9 st\u00e1ty jsou na pokraji v\u00e1lky s \u00cdr\u00e1nem"},"content":{"rendered":"<div id=\"fb-root\"><\/div>\n<p><strong><span dir=\"auto\">Spojen\u00e9 st\u00e1ty nasadily na Bl\u00edzk\u00fd v\u00fdchod zna\u010dn\u00e9 n\u00e1mo\u0159n\u00ed a leteck\u00e9 s\u00edly, co\u017e signalizuje, \u017ee americk\u00e1 arm\u00e1da je p\u0159ipravena za\u00fato\u010dit na \u00cdr\u00e1n. To p\u0159edstavuje bezprecedentn\u00ed eskalaci nap\u011bt\u00ed kolem \u00cdr\u00e1nu, hrozbu rozs\u00e1hl\u00e9 v\u00e1lky na Bl\u00edzk\u00e9m v\u00fdchod\u011b a riziko \u00fatok\u016f v Evrop\u011b.<\/span><\/strong><\/p>\n<p><span dir=\"auto\">\u201eAmerick\u00e1 arm\u00e1da se p\u0159ipravuje na mo\u017en\u00e9 \u00fadery v \u00cdr\u00e1nu,\u201c\u00a0<\/span><a href=\"https:\/\/www.nytimes.com\/2026\/02\/18\/us\/politics\/us-military-iran.html\" target=\"_blank\" rel=\"noopener\"><span dir=\"auto\">varuje\u00a0<\/span><\/a>\u00a0<em><span dir=\"auto\">The New York Times<\/span><\/em><span dir=\"auto\">\u00a0. Rychl\u00e9 nasazen\u00ed americk\u00fdch sil na Bl\u00edzk\u00e9m v\u00fdchod\u011b pokro\u010dilo do bodu, kdy m\u00e1 prezident Trump mo\u017enost zah\u00e1jit vojenskou akci proti \u00cdr\u00e1nu ji\u017e tento v\u00edkend, uvedli p\u0159edstavitel\u00e9 administrativy a Pentagonu, co\u017e B\u00edl\u00fd d\u016fm stav\u00ed do kl\u00ed\u010dov\u00e9 pozice mezi diplomaci\u00ed a v\u00e1lkou.\u00a0<\/span><\/p>\n<p><span dir=\"auto\">\u201eTrump nenazna\u010dil \u017e\u00e1dn\u00e9 dal\u0161\u00ed kroky. Touha po vybudov\u00e1n\u00ed vojensk\u00e9 s\u00edly schopn\u00e9 zas\u00e1hnout \u00edr\u00e1nsk\u00fd jadern\u00fd program, jeho balistick\u00e9 rakety a jejich odpalovac\u00ed m\u00edsta v\u0161ak tento t\u00fdden pokra\u010dovala, a to i p\u0159es nep\u0159\u00edm\u00e9 rozhovory mezi ob\u011bma zem\u011bmi v \u00fater\u00fd. \u00cdr\u00e1n \u017e\u00e1d\u00e1 o dvout\u00fddenn\u00ed prodlou\u017een\u00ed lh\u016fty, aby mohl p\u0159edlo\u017eit konkr\u00e9tn\u00ed n\u00e1vrhy na diplomatick\u00e9 \u0159e\u0161en\u00ed,\u201c pokra\u010doval americk\u00fd den\u00edk.\u00a0<\/span><\/p>\n<p><span dir=\"auto\">Americk\u00e9 vojensk\u00e9 s\u00edly se v posledn\u00edch dnech na Bl\u00edzk\u00e9m v\u00fdchod\u011b zvedaj\u00ed p\u0159ed mo\u017en\u00fdm \u00faderem.\u00a0\u00a0<a href=\"https:\/\/www.euronews.com\/2026\/02\/19\/us-military-ready-for-iran-strike-from-saturday-reports-claim\" target=\"_blank\" rel=\"noopener\">Titulky\u00a0<\/a><\/span><em><span dir=\"auto\">Euronews<\/span><\/em>\u00a0<span dir=\"auto\">\u00a0: \u201eAmerick\u00e1 arm\u00e1da se podle zpr\u00e1v p\u0159ipravuje na \u00fader proti \u00cdr\u00e1nu ji\u017e v sobotu.\u201c \u201eV Izraeli je maxim\u00e1ln\u00ed pohotovost!! Protivzdu\u0161n\u00e1 obrana je v neust\u00e1l\u00e9 pohotovosti! Nad regionem l\u00e9taj\u00ed des\u00edtky americk\u00fdch letadel! Do regionu dorazilo 24 letadel, jejich\u017e jedin\u00fdm \u00fa\u010delem je vy\u0159adit z provozu prim\u00e1rn\u011b \u010d\u00ednsk\u00e9 radarov\u00e9 syst\u00e9my \u00cdr\u00e1nu. V\u0161echny nemocnice a humanit\u00e1rn\u00ed organizace v Izraeli jsou v maxim\u00e1ln\u00ed pohotovosti. B\u016fh \u017eehnej Spojen\u00fdm st\u00e1t\u016fm, Izraeli a svobodn\u00e9mu sv\u011btu! Je \u010das skoncovat s t\u00edmto islamistick\u00fdm re\u017eimem, kter\u00fd po cel\u00e1 desetilet\u00ed mu\u010d\u00ed sv\u00e9 ob\u010dany!\u201c\u00a0<a href=\"https:\/\/x.com\/Meyer_Habib\/status\/2024224646480969742\" target=\"_blank\" rel=\"noopener\">napsal<\/a>\u00a0Meyer Habib, odch\u00e1zej\u00edc\u00ed poslanec napojen\u00fd na stranu Republik\u00e1n\u016f (LR) za 8. volebn\u00ed obvod zastupuj\u00edc\u00ed francouzsk\u00e9 ob\u010dany v zahrani\u010d\u00ed a bl\u00edzk\u00fd spojenec izraelsk\u00e9ho premi\u00e9ra Benjamina Netanjahua.\u00a0<\/span><\/p>\n<p><span dir=\"auto\">\u201eVzhledem k tomu, \u017ee do regionu m\u00ed\u0159\u00ed druh\u00e1 letadlov\u00e1 lo\u010f a v bl\u00edzkosti se ji\u017e nach\u00e1zej\u00ed stovky \u00fato\u010dn\u00fdch, podp\u016frn\u00fdch a dal\u0161\u00edch letadel, je\u00a0<\/span><a href=\"https:\/\/nypost.com\/2026\/02\/18\/world-news\/trump-ready-for-sustained-strikes-on-iran-with-massive-middle-east-buildup\/\" target=\"_blank\" rel=\"noopener\"><span dir=\"auto\">rozsah sil<\/span><\/a><span dir=\"auto\">\u00a0v sou\u010dasn\u00e9 dob\u011b nasazen\u00fdch v regionu pom\u011brn\u011b neobvykl\u00fd \u2013 a v posledn\u00edch desetilet\u00edch bezprecedentn\u00ed,\u201c \u0159ekl listu\u00a0\u00a0<\/span><em><span dir=\"auto\">New York Post<\/span><\/em><span dir=\"auto\">\u00a0\u00a0Alex Plitsas, b\u00fdval\u00fd \u00fa\u0159edn\u00edk Pentagonu a \u010dlen Atlantick\u00e9 rady\u00a0 .<\/span><\/p>\n<p><span dir=\"auto\">\u201eZat\u00edmco lo\u0148sk\u00e1 operace Midnight Hammer trvala \u00fatok na \u00edr\u00e1nsk\u00e1 jadern\u00e1 za\u0159\u00edzen\u00ed pouh\u00fdch 25 minut, nov\u00e1 kampa\u0148 by mohla trvat dny, nebo dokonce t\u00fddny,\u201c uvedli ameri\u010dt\u00ed p\u0159edstavitel\u00e9 den\u00edku US Daily a na z\u00e1v\u011br uvedli: \u201eToto nasazen\u00ed \u2013 v\u010detn\u011b \u00fadern\u00fdch skupin letadlov\u00fdch lod\u00ed, pozemn\u00edch letadel, letadel pro dopl\u0148ov\u00e1n\u00ed paliva a prost\u0159edk\u016f velen\u00ed a \u0159\u00edzen\u00ed \u2013 d\u00e1v\u00e1 Trumpovi mo\u017enost zah\u00e1jit to, co Plitsas popsal jako trvalou leteckou a n\u00e1mo\u0159n\u00ed kampa\u0148 bez nasazen\u00ed americk\u00fdch pozemn\u00edch vojsk.\u201c<\/span><\/p>\n<p><span dir=\"auto\">Rusko, spojenec \u00cdr\u00e1nu,\u00a0<\/span><a href=\"https:\/\/www.wsj.com\/world\/middle-east\/u-s-gathers-the-most-air-power-in-the-mideast-since-the-2003-iraq-invasion-98ced89f\" target=\"_blank\" rel=\"noopener\"><span dir=\"auto\">sleduje akce<\/span><\/a><span dir=\"auto\">\u00a0Spojen\u00fdch st\u00e1t\u016f s odvol\u00e1n\u00edm na\u00a0\u00a0<\/span><em><span dir=\"auto\">den\u00edk The Wall Street Journal\u00a0<\/span><\/em><span dir=\"auto\">\u00a0: \u201eSpojen\u00e9 st\u00e1ty nasadily v regionu nejv\u011bt\u0161\u00ed leteckou skupinu od invaze do Ir\u00e1ku,\u201c hl\u00e1s\u00e1 titulek ofici\u00e1ln\u00ed rusk\u00e1 st\u00e1tn\u00ed tiskov\u00e1 agentura\u00a0\u00a0<\/span><em><span dir=\"auto\">TASS<\/span><\/em><span dir=\"auto\">\u00a0. \u201eSpojen\u00e9 st\u00e1ty nasazuj\u00ed na Bl\u00edzk\u00e9m v\u00fdchod\u011b nejv\u011bt\u0161\u00ed leteckou s\u00edlu od invaze do Ir\u00e1ku v roce 2003.\u201c\u00a0<\/span><\/p>\n<p><a href=\"https:\/\/tass.com\/politics\/2088795\" target=\"_blank\" rel=\"noopener\"><span dir=\"auto\">Rusk\u00fd postoj<\/span><\/a><span dir=\"auto\">\u00a0vyj\u00e1d\u0159il rusk\u00fd ministr zahrani\u010d\u00ed: \u201eSergej Lavrov varuje p\u0159ed \u0161kodliv\u00fdmi d\u016fsledky mo\u017en\u00fdch dal\u0161\u00edch \u00fader\u016f proti \u00cdr\u00e1nu.\u201c Rusk\u00fd ministr zahrani\u010d\u00ed poznamenal, \u017ee americk\u00e9 a izraelsk\u00e9 \u00fadery proti \u00cdr\u00e1nu v \u010dervnu 2025 nejen podkop\u00e1vaj\u00ed autoritu Mezin\u00e1rodn\u00ed agentury pro atomovou energii a Smlouvy o ne\u0161\u00ed\u0159en\u00ed jadern\u00fdch zbran\u00ed, ale tak\u00e9 \u017ee existuj\u00ed \u201ere\u00e1ln\u00e1 rizika jadern\u00e9ho incidentu\u201c.<\/span><\/p>\n<p><span dir=\"auto\">V rozhovoru pro televizi\u00a0\u00a0<\/span><em><span dir=\"auto\">Al Arabiya<\/span><\/em><span dir=\"auto\">\u00a0Lavrov\u00a0<\/span><a href=\"https:\/\/mid.ru\/en\/press_service\/minister_speeches\/2081544\/\" target=\"_blank\" rel=\"noopener\"><span dir=\"auto\">varoval<\/span><\/a><span dir=\"auto\">\u00a0, \u017ee dal\u0161\u00ed \u00fatoky proti \u00cdr\u00e1nu by m\u011bly katastrof\u00e1ln\u00ed d\u016fsledky pro mezin\u00e1rodn\u00ed spole\u010denstv\u00ed. Sa\u00fadskoarabsk\u00e1 zpravodajsk\u00e1 stanice\u00a0\u00a0<\/span><a href=\"https:\/\/english.alarabiya.net\/News\/middle-east\/2026\/02\/19\/russia-urges-prudence-on-iran-as-us-builds-up-military-assets-in-the-middle-east-\" target=\"_blank\" rel=\"noopener\"><span dir=\"auto\">uvedla<\/span><\/a><span dir=\"auto\">\u00a0: \u201eRusko ve \u010dtvrtek ozn\u00e1milo, \u017ee je sv\u011bdkem bezprecedentn\u00ed eskalace nap\u011bt\u00ed kolem \u00cdr\u00e1nu, jeliko\u017e Spojen\u00e9 st\u00e1ty rozm\u00edstily vojensk\u00e9 prost\u0159edky na Bl\u00edzk\u00e9m v\u00fdchod\u011b a Kreml vyzval Teher\u00e1n a dal\u0161\u00ed strany k opatrnosti a zdr\u017eenlivosti.\u201c\u00a0<\/span><\/p>\n<p><span dir=\"auto\">Sa\u00fadskoarabsk\u00e1 m\u00e9dia uv\u00e1d\u011bj\u00ed: \u201eRusko uzav\u0159elo s \u00cdr\u00e1nem smlouvu o strategick\u00e9m partnerstv\u00ed, kter\u00e1 v\u0161ak neobsahuje dolo\u017eku o vz\u00e1jemn\u00e9 obran\u011b. Podle rusk\u00e9ho ministerstva obrany provedla tento t\u00fdden v Om\u00e1nsk\u00e9m z\u00e1livu korveta rusk\u00e9ho n\u00e1mo\u0159nictva spole\u010dn\u00e9 man\u00e9vry s \u00edr\u00e1nsk\u00fdm n\u00e1mo\u0159nictvem.\u201c<\/span><\/p>\n<p><em><span dir=\"auto\">Agentura Reuters<\/span><\/em><span dir=\"auto\">\u00a0v\u0161ak\u00a0\u00a0\u00a0s odvol\u00e1n\u00edm na nejmenovan\u00e9ho vysoce postaven\u00e9ho americk\u00e9ho \u00fa\u0159edn\u00edka p\u0159edstavila pon\u011bkud odli\u0161n\u00fd sc\u00e9n\u00e1\u0159 a vysv\u011btlila, \u017ee nejvy\u0161\u0161\u00ed ameri\u010dt\u00ed poradci pro n\u00e1rodn\u00ed bezpe\u010dnost na sch\u016fzce v situa\u010dn\u00ed m\u00edstnosti B\u00edl\u00e9ho domu ve st\u0159edu ozn\u00e1mili, \u017ee v\u0161echny americk\u00e9 vojensk\u00e9 s\u00edly nasazen\u00e9 v regionu by m\u011bly b\u00fdt p\u0159ipraveny k bojov\u00e9mu nasazen\u00ed do poloviny b\u0159ezna. D\u0159\u00edve anglicky psan\u00e1 tiskov\u00e1 agentura\u00a0<\/span><a href=\"https:\/\/www.reuters.com\/world\/middle-east\/us-military-preparing-potentially-weeks-long-iran-operations-2026-02-13\/\" target=\"_blank\" rel=\"noopener\"><span dir=\"auto\">uvedla<\/span><\/a><span dir=\"auto\">\u00a0: \u201eAmerick\u00e1 arm\u00e1da se p\u0159ipravuje na mo\u017enost prodlou\u017een\u00fdch operac\u00ed proti \u00cdr\u00e1nu, kter\u00e9 by mohly trvat i n\u011bkolik t\u00fddn\u016f, pokud prezident Donald Trump na\u0159\u00edd\u00ed \u00fatok, co\u017e by mohlo v\u00e9st ke konfliktu mnohem v\u00e1\u017en\u011bj\u0161\u00edmu, ne\u017e jak\u00fd byl dosud mezi ob\u011bma zem\u011bmi zaznamen\u00e1n.\u201c\u00a0<\/span><\/p>\n<p><span dir=\"auto\">Podle vysoce postaven\u00e9ho americk\u00e9ho \u00fa\u0159edn\u00edka se o\u010dek\u00e1v\u00e1, \u017ee \u00cdr\u00e1n p\u0159edlo\u017e\u00ed\u00a0<\/span><a href=\"https:\/\/www.reuters.com\/world\/middle-east\/iran-expected-submit-written-proposal-resolving-standoff-with-us-senior-us-2026-02-18\/\" target=\"_blank\" rel=\"noopener\"><span dir=\"auto\">p\u00edsemn\u00fd n\u00e1vrh<\/span><\/a><span dir=\"auto\">\u00a0na \u0159e\u0161en\u00ed sporu se Spojen\u00fdmi st\u00e1ty, co\u017e dokazuje, \u017ee USA pou\u017e\u00edvaj\u00ed vojensk\u00e9 hrozby k donucen\u00ed suver\u00e9nn\u00ed zem\u011b k \u00fastupu.<\/span><\/p>\n<p><span dir=\"auto\">\u00cdr\u00e1nsk\u00fd prezident Mas\u00fad Peze\u0161kijan ze sv\u00e9 strany \u201epevn\u011b prohl\u00e1sil, \u017ee \u00edr\u00e1nsk\u00fd n\u00e1rod se nikdy nepodd\u00e1 tlaku, zastra\u0161ov\u00e1n\u00ed ani nespravedlnosti, a zd\u016fraznil, \u017ee podroben\u00ed se s\u00edle je nehodn\u00e9 historie a kultury \u00edr\u00e1nsk\u00e9ho lidu\u201c\u00a0<\/span><a href=\"https:\/\/fr.irna.ir\/news\/86082158\/Le-pr%C3%A9sident-Pezeshkian-le-peuple-iranien-ne-se-soumettra-jamais\" target=\"_blank\" rel=\"noopener\"><span dir=\"auto\">a zd\u016fraznil<\/span><\/a><span dir=\"auto\">\u00a0: \u201eNechceme v\u00e1lku.\u201c\u00a0<\/span><\/p>\n<p><span dir=\"auto\">Je zaj\u00edmav\u00e9, \u017ee Pezeshkian tak\u00e9 \u201ezpochybnil up\u0159\u00edmnost z\u00e1padn\u00edho diskurzu o demokracii a lidsk\u00fdch pr\u00e1vech\u201c. \u201eJednaj\u00ed Spojen\u00e9 st\u00e1ty skute\u010dn\u011b ze z\u00e1jmu o demokracii v \u00cdr\u00e1nu? Projevuj\u00ed stejn\u00fd soucit s Venezuelou, kdy\u017e se zmoc\u0148uj\u00ed jej\u00edch zdroj\u016f?\u201c zeptal se a odsoudil do o\u010d\u00ed bij\u00edc\u00ed politiku p\u0159ivlast\u0148ov\u00e1n\u00ed si zahrani\u010dn\u00edho bohatstv\u00ed, prov\u00e1d\u011bnou otev\u0159en\u011b a ve jm\u00e9nu ekonomick\u00fdch z\u00e1jm\u016f.<\/span><\/p>\n<p><span dir=\"auto\">K t\u00e9to eskalaci nap\u011bt\u00ed doch\u00e1z\u00ed na Bl\u00edzk\u00e9m v\u00fdchod\u011b, jeliko\u017e \u010dtvrtek 19. \u00fanora je ve Francii prvn\u00edm dnem Ramad\u00e1nu a \u00cdr\u00e1n\u00a0<\/span><a href=\"https:\/\/fr.irna.ir\/news\/86082533\/L-Iran-condamne-l-annexion-ill%C3%A9gale-par-Isra%C3%ABl-de-terres-palestiniennes\" target=\"_blank\" rel=\"noopener\"><span dir=\"auto\">odsuzuje<\/span><\/a><span dir=\"auto\">\u00a0\u00a0nez\u00e1konnou anexi palestinsk\u00e9ho \u00fazem\u00ed na okupovan\u00e9m Z\u00e1padn\u00edm b\u0159ehu Jord\u00e1nu ze strany Izraele a ozna\u010duje ji za \u201eizraelsk\u00fd okupa\u010dn\u00ed re\u017eim\u201c.<\/span><\/p>\n<p><span dir=\"auto\">Postoje b\u00fdval\u00e9ho francouzsk\u00e9ho poslance Meyera Habiba a Spojen\u00fdch st\u00e1t\u016f demonstruj\u00ed podporu proizraelsk\u00e9 s\u00edt\u011b pro Izrael v z\u00e1padn\u00edm sv\u011bt\u011b v tomto konfliktu proti \u00cdr\u00e1nu, s rizikem destabilizace regionu a ohro\u017een\u00ed Francie kv\u016fli jej\u00edmu muslimsk\u00e9mu obyvatelstvu, kter\u00e9 si je t\u011bchto v\u00e1le\u010dn\u00fdch hrozeb v\u011bdomo. Krajn\u011b levicov\u00e1 strana La France Insoumise (LFI) tak\u00e9 odsuzuje politiku Izraele. LFI\u00a0<\/span><a href=\"https:\/\/www.youtube.com\/watch?v=p5Hi9tTWL8M\" target=\"_blank\" rel=\"noopener\"><span dir=\"auto\">odsuzuje<\/span><\/a><span dir=\"auto\">\u00a0\u00a0\u201ebezpodm\u00edne\u010dnou podporu\u201c izraelsk\u00e9ho st\u00e1tu ze strany francouzsk\u00e9 vl\u00e1dy.\u00a0<\/span><\/p>\n<p><a href=\"https:\/\/www.observateur-continental.fr\/?module=articles&amp;action=view&amp;id=7620\"><em><span dir=\"auto\">Pierre Duval<\/span><\/em><em>\u00a0<\/em><\/a><\/p>\n<p>&nbsp;<\/p>\n","protected":false},"excerpt":{"rendered":"<p>Spojen\u00e9 st\u00e1ty nasadily na Bl\u00edzk\u00fd v\u00fdchod zna\u010dn\u00e9 n\u00e1mo\u0159n\u00ed a leteck\u00e9 s\u00edly, co\u017e signalizuje, \u017ee americk\u00e1&#8230;<\/p>\n","protected":false},"author":2,"featured_media":100010,"comment_status":"closed","ping_status":"closed","sticky":false,"template":"","format":"standard","meta":[],"categories":[7],"tags":[38,1503,37,40],"_links":{"self":[{"href":"https:\/\/www.infokuryr.cz\/n\/wp-json\/wp\/v2\/posts\/100009"}],"collection":[{"href":"https:\/\/www.infokuryr.cz\/n\/wp-json\/wp\/v2\/posts"}],"about":[{"href":"https:\/\/www.infokuryr.cz\/n\/wp-json\/wp\/v2\/types\/post"}],"author":[{"embeddable":true,"href":"https:\/\/www.infokuryr.cz\/n\/wp-json\/wp\/v2\/users\/2"}],"replies":[{"embeddable":true,"href":"https:\/\/www.infokuryr.cz\/n\/wp-json\/wp\/v2\/comments?post=100009"}],"version-history":[{"count":0,"href":"https:\/\/www.infokuryr.cz\/n\/wp-json\/wp\/v2\/posts\/100009\/revisions"}],"wp:featuredmedia":[{"embeddable":true,"href":"https:\/\/www.infokuryr.cz\/n\/wp-json\/wp\/v2\/media\/100010"}],"wp:attachment":[{"href":"https:\/\/www.infokuryr.cz\/n\/wp-json\/wp\/v2\/media?parent=100009"}],"wp:term":[{"taxonomy":"category","embeddable":true,"href":"https:\/\/www.infokuryr.cz\/n\/wp-json\/wp\/v2\/categories?post=100009"},{"taxonomy":"post_tag","embeddable":true,"href":"https:\/\/www.infokuryr.cz\/n\/wp-json\/wp\/v2\/tags?post=100009"}],"curies":[{"name":"wp","href":"https:\/\/api.w.org\/{rel}","templated":true}]}}