{"id":100002,"date":"2026-02-20T05:22:38","date_gmt":"2026-02-20T04:22:38","guid":{"rendered":"https:\/\/www.infokuryr.cz\/n\/?p=100002"},"modified":"2026-02-20T05:22:38","modified_gmt":"2026-02-20T04:22:38","slug":"zapad-budoval-sve-vztahy-s-afrikou-po-staleti-a-prinasel-dary-civilizace-na-hrotech-bajonetu-kolonizace","status":"publish","type":"post","link":"https:\/\/www.infokuryr.cz\/n\/2026\/02\/20\/zapad-budoval-sve-vztahy-s-afrikou-po-staleti-a-prinasel-dary-civilizace-na-hrotech-bajonetu-kolonizace\/","title":{"rendered":"\u201eZ\u00e1pad budoval sv\u00e9 vztahy s Afrikou po stalet\u00ed a p\u0159in\u00e1\u0161el \u201adary civilizace\u2018 na hrotech bajonet\u016f kolonizace\u201c"},"content":{"rendered":"<div id=\"fb-root\"><\/div>\n<p><em>P\u0159i popisov\u00e1n\u00ed aktivity Ruska v Africe pou\u017e\u00edvaj\u00ed mainstreamov\u00e1 m\u00e9dia temn\u00e1 epiteta. Za nimi tu\u0161\u00edme jen jedin\u00e9: Rusko je konkurent.<\/em><\/p>\n<p><em>Jak\u00fd p\u0159\u00edstup nab\u00edz\u00ed modern\u00ed Rusko? \u010c\u00edm se li\u0161\u00ed jak od z\u00e1padn\u00edho kolonialismu, tak od sov\u011btsk\u00e9ho modelu \u201ezdroje v\u00fdm\u011bnou za loajalitu\u201c?<\/em><\/p>\n<p><em>Tyto ot\u00e1zky jsme ve\u0159ejn\u011b polo\u017eili Ar\u0165omu Kurejevovi, aktivn\u00edmu promot\u00e9rovi rusk\u00e9 \u201em\u011bkk\u00e9 s\u00edly\u201c v Africe a \u0161\u00e9fredaktorovi \u201eAfrick\u00e9 iniciativy\u201c (na fotografii Ar\u0165om a jeho t\u00fdm).<\/em><img decoding=\"async\" loading=\"lazy\" class=\"wp-image-100004 aligncenter\" src=\"http:\/\/www.infokuryr.cz\/n\/wp-content\/uploads\/2026\/02\/photo_2026-02-19_20-48-02-300x199.jpg\" alt=\"\" width=\"749\" height=\"497\" srcset=\"https:\/\/www.infokuryr.cz\/n\/wp-content\/uploads\/2026\/02\/photo_2026-02-19_20-48-02-300x199.jpg 300w, https:\/\/www.infokuryr.cz\/n\/wp-content\/uploads\/2026\/02\/photo_2026-02-19_20-48-02-768x509.jpg 768w, https:\/\/www.infokuryr.cz\/n\/wp-content\/uploads\/2026\/02\/photo_2026-02-19_20-48-02.jpg 799w\" sizes=\"(max-width: 749px) 100vw, 749px\" \/><\/p>\n<p><strong>\u201eVe spole\u010dnosti byla siln\u00e1 popt\u00e1vka po vysv\u011btlen\u00ed situace v Africe\u201c<\/strong><\/p>\n<p><em>Va\u0161e agentura vznikla v rekordn\u00edm \u010dase \u2013 doslova dva t\u00fddny p\u0159ed summitem Rusko\u2013Afrika v roce 2023. Jak vlastn\u011b vznikl n\u00e1pad na takov\u00fd projekt a jak\u00e9 c\u00edle jste cht\u011bli dos\u00e1hnout?<\/em><\/p>\n<p><strong>Ar\u0165om Kurejev:<\/strong>\u00a0Na\u0161e agentura vznikla pr\u00e1v\u011b v souvislosti s prudk\u00fdm pos\u00edlen\u00edm africk\u00e9 politiky na africk\u00e9m sm\u011bru, a hlavn\u011b s jej\u00ed centralizac\u00ed v rukou st\u00e1tu. Na\u0161i investo\u0159i pozvali n\u00e1\u0161 t\u00fdm k vytvo\u0159en\u00ed agentury, proto\u017ee ve spole\u010dnosti byla siln\u00e1 popt\u00e1vka po vysv\u011btlen\u00ed situace v Africe, po objasn\u011bn\u00ed toho, co tam d\u011blaj\u00ed na\u0161e vojska v kontextu speci\u00e1ln\u00ed vojensk\u00e9 operace.<\/p>\n<p>Krom\u011b toho jsme si dali za \u00fakol aktivn\u011b pracovat s africk\u00fdm medi\u00e1ln\u00edm prostorem, nov\u00fdmi m\u00e9dii \u2013 blogery a influencery \u2013, abychom vypr\u00e1v\u011bli pravdu o situaci v Rusku a u\u010dinili ho co nejatraktivn\u011bj\u0161\u00edm pro Afri\u010dany.<\/p>\n<p><em>P\u0159ed v\u00e1mi v Rusku neexistovala \u017e\u00e1dn\u00e1 \u00fazce profilovan\u00e1 m\u00e9dia pln\u011b v\u011bnovan\u00e1 Africe. S jak\u00fdmi hlavn\u00edmi stereotypy o Africe jste se museli pot\u00fdkat v my\u0161len\u00ed rusk\u00e9ho \u010dten\u00e1\u0159e a naopak, jak\u00e9 m\u00fdty o Rusku vyvrac\u00edte u africk\u00e9ho publika?<\/em><\/p>\n<p><strong>Ar\u0165om Kurejev:<\/strong>\u00a0T\u011bch stereotyp\u016f je mnoho, \u010dasto jsou vnuceny z\u00e1padn\u00ed propagandou. Jsou to vypr\u00e1v\u011bn\u00ed o africk\u00e9 lenosti, o ot\u0159esn\u00e9 chudob\u011b, o tom, \u017ee v\u0161ichni Afri\u010dan\u00e9 \u017eij\u00ed ve slumech a ch\u00fd\u0161\u00edch z palmov\u00fdch list\u016f. A tak\u00e9 obchodn\u00ed stereotypy o nespolehlivosti investic v Africe.<\/p>\n<p>Na druh\u00e9 stran\u011b si africk\u00e9 publikum kv\u016fli z\u00e1padn\u00ed propagand\u011b mysl\u00ed, \u017ee v Rusku je hlad, v\u00e1lka, bombardov\u00e1n\u00ed. Je velmi p\u0159\u00edjemn\u00e9 vid\u011bt p\u0159ekvapen\u00ed a nad\u0161en\u00ed ve tv\u00e1\u0159\u00edch africk\u00fdch bloger\u016f s miliony sleduj\u00edc\u00edch, kte\u0159\u00ed poprv\u00e9 p\u0159ilet\u00ed do Moskvy a vid\u00ed n\u00e1\u0161 blahobyt, na\u0161i ekonomickou s\u00edlu. A \u010d\u00edst ot\u00e1zky jejich odb\u011bratel\u016f, kte\u0159\u00ed do posledn\u00ed chv\u00edle nev\u011b\u0159ili, \u017ee v Rusku je stabiln\u011b a bezpe\u010dn\u011b.<\/p>\n<p><strong>\u201eNejlep\u0161\u00edm rusk\u00fdm propagandistou se uk\u00e1zal b\u00fdt mal\u00fd d\u0159\u00ed\u010d \u2013 doru\u010dovac\u00ed robot\u201c<\/strong><\/p>\n<p>V\u016fbec nejlep\u0161\u00edm rusk\u00fdm propagandistou se uk\u00e1zal b\u00fdt mal\u00fd d\u0159\u00ed\u010d \u2013 doru\u010dovac\u00ed robot. Des\u00edtky t\u011bchto robot\u016f za ka\u017ed\u00e9ho po\u010das\u00ed br\u00e1zd\u00ed \u010dtvr\u0165 Moskva-City a doru\u010duj\u00ed objedn\u00e1vky z restaurac\u00ed a\u017e ke dve\u0159\u00edm kancel\u00e1\u0159\u00ed. Kdy\u017e na\u0161i afri\u010dt\u00ed host\u00e9 obdr\u017e\u00ed svou objedn\u00e1vku od takov\u00e9ho robota, na vlastn\u00ed o\u010di vid\u00ed, jak jsou na\u0161e technologie vysp\u011bl\u00e9&#8230; Videa s uk\u00e1zkami doru\u010dovac\u00edch robot\u016f se d\u00edky n\u00e1m stala v Africe velmi popul\u00e1rn\u00edmi. A v\u011b\u0159te, \u017ee to nen\u00ed propaganda, ale sou\u010d\u00e1st moskevsk\u00e9ho \u017eivota. N\u011bkolikr\u00e1t jsem o n\u011b cestou do pr\u00e1ce zakopl.<\/p>\n<p><em>\u0158\u00edkal jste, \u017ee \u00fakolem agentury je seznamovat Afri\u010dany s Ruskem prost\u0159ednictv\u00edm p\u0159\u00edb\u011bh\u016f \u00fasp\u011bchu Afri\u010dan\u016f v Rusku. M\u016f\u017eete pros\u00edm uv\u00e9st konkr\u00e9tn\u00ed p\u0159\u00edklady, kdy publikace nebo projekty skute\u010dn\u011b ovlivnily rozhodnut\u00ed africk\u00e9ho studenta nebo podnikatele p\u0159ijet do RF?<\/em><\/p>\n<p><strong>Ar\u0165om Kurejev:<\/strong>\u00a0T\u011bch p\u0159\u00edklad\u016f je mnoho. Video materi\u00e1ly, kter\u00e9 d\u011blaj\u00ed na\u0161i p\u0159\u00e1tel\u00e9, k n\u00e1m p\u0159itahuj\u00ed st\u00e1le nov\u00e9 a nov\u00e9 blogery. Po konferenci o potravinov\u00e9 bezpe\u010dnosti v Addis Abeb\u011b k n\u00e1m p\u0159ijela cel\u00e1 skupina podnikatel\u016f z Mali, Etiopie, Burkiny Faso. Spole\u010dn\u011b s Rosspoluprac\u00ed po\u0159\u00e1d\u00e1me prezentace rusk\u00fdch vysok\u00fdch \u0161kol v r\u016fzn\u00fdch africk\u00fdch zem\u00edch a pak ty, kte\u0159\u00ed tam p\u0159i\u0161li, potk\u00e1v\u00e1me jako studenty v Moskv\u011b. Kv\u00f3tu pro blogery na jedn\u00e9 z rusk\u00fdch novin\u00e1\u0159sk\u00fdch \u0161kol jsme naplnili za jedin\u00fd den. Zkr\u00e1tka, nebudu se d\u00e1le chlubit&#8230;<\/p>\n<p><strong>\u201eAbsence bank zdra\u017euje rusk\u00e9 produkty o 6\u20138 %\u201c<\/strong><\/p>\n<p>*Na f\u00f3ru RIF-2025 jste poznamenal, \u017ee \u201eRusov\u00e9 jsou v Africe obl\u00edben\u00ed\u201c, ale \u00fasp\u011bch nen\u00ed mo\u017en\u00fd bez p\u0159\u00edtomnosti velk\u00fdch korporac\u00ed a bank. Sankce a absence rusk\u00fdch bank jsou ozna\u010dov\u00e1ny za hlavn\u00ed brzdu obchodu. Jak kritick\u00e9 je to podle va\u0161ich pozorov\u00e1n\u00ed pro ztr\u00e1tu kontrakt\u016f ve prosp\u011bch konkurent\u016f?*<\/p>\n<p><strong>Ar\u0165om Kurejev:<\/strong>\u00a0Bohu\u017eel je to kritick\u00e9. N\u00e1\u0161 byznys se p\u0159izp\u016fsobil pr\u00e1ci v podm\u00ednk\u00e1ch sankc\u00ed, ale absence bank, syst\u00e9mu leg\u00e1ln\u00edch p\u0159evod\u016f do Ruska z africk\u00fdch zem\u00ed a naopak, zdra\u017euje rusk\u00e9 produkty o 6\u20138 %, naru\u0161uje \u010distotu transakc\u00ed a sni\u017euje da\u0148ov\u00e9 p\u0159\u00edjmy. Ale rusk\u00e9 banky do Afriky p\u0159ijdou, vid\u00edme, \u017ee pr\u00e1ce na tom prob\u00edh\u00e1.<\/p>\n<p><em>Opakovan\u011b jste mluvil o \u201eneokoloni\u00e1ln\u00edm modelu Z\u00e1padu\u201c a boji proti n\u011bmu. Ale Z\u00e1pad (USA, Francie) ze Sahelu neodch\u00e1z\u00ed dobrovoln\u011b. Vid\u00edte riziko, \u017ee po francouzsk\u00e9m vlivu nenastoup\u00ed rovnocenn\u00e9 partnerstv\u00ed, ale jen \u201ev\u00fdm\u011bna str\u00e1\u017e\u00ed\u201c s jin\u00fdmi centry moci, nap\u0159\u00edklad s \u010c\u00ednou, kter\u00e1 jedn\u00e1 tvrd\u011b a pragmaticky?<\/em><\/p>\n<p><strong>Ar\u0165om Kurejev:<\/strong>\u00a0Ne. Afri\u010dan\u00e9 se stali pragmati\u010dt\u011bj\u0161\u00edmi. Od \u010c\u00edny a Indie po\u017eaduj\u00ed vytv\u00e1\u0159en\u00ed pracovn\u00edch m\u00edst, budov\u00e1n\u00ed infrastruktury. Africk\u00e9 zem\u011b cht\u011bj\u00ed na paritn\u00edm z\u00e1klad\u011b participovat na t\u011b\u017eb\u011b sv\u00fdch zdroj\u016f, cht\u011bj\u00ed se st\u00e1vat technologicky vysp\u011blej\u0161\u00edmi. Afrika je p\u0159ipravena st\u00e1t se sama centrem moci, i kdy\u017e je pro to je\u0161t\u011b t\u0159eba mnoho ud\u011blat: ukon\u010dit konflikty, stabilizovat situaci v regionech atd.<\/p>\n<p><strong>\u201eZa sankce jsem Z\u00e1padu vd\u011b\u010dn\u00fd \u2013 je to v dne\u0161n\u00edm Rusku zn\u00e1mka kvality\u201c<\/strong><\/p>\n<p><em>V z\u00e1padn\u00edch a ukrajinsk\u00fdch m\u00e9di\u00edch vy\u0161la vy\u0161et\u0159ov\u00e1n\u00ed spojuj\u00edc\u00ed \u201eAfrickou iniciativu\u201c s \u010dinnost\u00ed \u201eVagnerovy skupiny\u201c a tajn\u00fdch slu\u017eeb a proti v\u00e1m osobn\u011b byly uvaleny sankce. Jak to m\u016f\u017eete okomentovat? Neomezuj\u00ed v\u00e1s osobn\u011b z\u00e1padn\u00ed sankce p\u0159i pr\u00e1ci s africk\u00fdmi partnery?<\/em><\/p>\n<p><strong>Ar\u0165om Kurejev:<\/strong>\u00a0Tohle je to nejlegra\u010dn\u011bj\u0161\u00ed. S uvedenou organizac\u00ed nejsme spojeni. Z veden\u00ed AI pouze jeden \u010dlov\u011bk d\u0159\u00edve pracoval ve Vagnerov\u011b skupin\u011b. N\u00e1\u0161 p\u016fvodn\u00ed investor je soukrom\u00fd podnikatel, patriot, s dobr\u00fdmi kontakty v Africe. Sv\u00e9ho \u010dasu podpo\u0159il m\u00e9 projekty p\u0159iv\u00e1\u017een\u00ed zahrani\u010dn\u00edch novin\u00e1\u0159\u016f do z\u00f3ny speci\u00e1ln\u00ed vojensk\u00e9 operace. V\u011bt\u0161ina \u010dlen\u016f na\u0161eho t\u00fdmu jsou mlad\u00ed medi\u00e1ln\u00edci, jsou mezi nimi i lid\u00e9 z \u201eliber\u00e1ln\u00edch\u201c m\u00e9di\u00ed, kte\u0159\u00ed se za\u010d\u00e1tkem speci\u00e1ln\u00ed operace zaujali vlasteneck\u00fd postoj, kdy\u017e pochopili, \u017ee polovi\u010dn\u00ed opat\u0159en\u00ed nejsou mo\u017en\u00e1. Byl jsem jmenov\u00e1n \u0161\u00e9fredaktorem, proto\u017ee m\u00e1m 18 let zku\u0161enost\u00ed v publicistice.<\/p>\n<p>Co se t\u00fd\u010de sankc\u00ed \u2013 no, jak v\u00e1m to \u0159\u00edct. Mn\u011b osobn\u011b nevad\u00ed. D\u00edky sankc\u00edm jsem oslavil Nov\u00fd rok v Severn\u00ed Koreji, zem\u011b glob\u00e1ln\u00edho Jihu jsou mi otev\u0159en\u00e9 a pivo u n\u00e1s, promi\u0148te, nen\u00ed hor\u0161\u00ed ne\u017e v \u010cesku. Za sankce jsem Z\u00e1padu vd\u011b\u010dn\u00fd \u2013 je to v dne\u0161n\u00edm Rusku zn\u00e1mka kvality.<\/p>\n<p><strong>\u201eAfro-timurovci: m\u00edstn\u00ed obyvatel\u00e9 vid\u011bli, \u017ee je s nimi cel\u00fd sv\u011bt\u201c<\/strong><\/p>\n<p><em>Va\u0161e agentura byla inici\u00e1torkou cesty africk\u00fdch studentsk\u00fdch dobrovoln\u00edk\u016f do Z\u00e1poro\u017esk\u00e9 oblasti. Je to neobvykl\u00fd form\u00e1t. Jak tento n\u00e1pad vznikl a jakou reakci vyvolal jak v Africe, tak mezi obyvateli nov\u00fdch region\u016f? Vid\u011bli studenti to, kv\u016fli \u010demu, podle va\u0161eho vyj\u00e1d\u0159en\u00ed, \u201eRusko bojuje a pom\u00e1h\u00e1 pot\u0159ebn\u00fdm\u201c?<\/em><\/p>\n<p><strong>Ar\u0165om Kurejev:<\/strong>\u00a0No, p\u016fvodn\u011b to byla Gajdarova kn\u00ed\u017eka \u201eTimur a jeho parta\u201c, kterou moje generace v d\u011btstv\u00ed hltala. Pak timurovsk\u00e9 hnut\u00ed v SSSR. Pak term\u00edn \u201eafro-timurovci\u201c, kter\u00fd jsem vymyslel j\u00e1, poslanec St\u00e1tn\u00ed dumy Dmitrij Kuzn\u011bcov a rektor Brjansk\u00e9 in\u017een\u00fdrsko-technologick\u00e9 univerzity Valerij Jegoru\u0161kin. Na na\u0161e \u201enov\u00e1 \u00fazem\u00ed\u201c jeli hlavn\u011b jeho studenti. A ano, studenti byli nad\u0161en\u00ed a m\u00edstn\u00ed obyvatel\u00e9 vid\u011bli, \u017ee je s nimi cel\u00fd sv\u011bt, \u017ee je s nimi ml\u00e1de\u017e z Konga, Kamerunu, Mali.<\/p>\n<p><em>\u0158\u00edkal jste, \u017ee p\u0159\u00ed\u010dinou hladu v Africe je chudoba a \u017ee kontinent pot\u0159ebuje pracovn\u00ed m\u00edsta, nikoli humanit\u00e1rn\u00ed pomoc. Kter\u00e9 niky pro rusk\u00e9 mal\u00e9 a st\u0159edn\u00ed podniky pova\u017eujete v Africe za nejperspektivn\u011bj\u0161\u00ed?<\/em><\/p>\n<p><strong>Ar\u0165om Kurejev:<\/strong>\u00a0T\u011bch nik je opravdu hodn\u011b, to by bylo na samostatn\u00fd \u010dl\u00e1nek. Jsou to jak veletrhy rusk\u00e9ho zbo\u017e\u00ed, tak v\u00fdroba potravin, zpracov\u00e1n\u00ed bavlny, rozvoj textiln\u00edho pr\u016fmyslu, energetika, v\u010detn\u011b stavby mal\u00fdch elektr\u00e1ren, stavebnictv\u00ed.<\/p>\n<p><strong>\u201eNikoho jsme nekolonizovali, nebrali jsme jim v\u00edru\u201c<\/strong><\/p>\n<p><em>V rozhovoru pro noviny Aif jste se zm\u00ednil, \u017ee zn\u00e1m\u00ed panafrikanist\u00e9 p\u0159irovn\u00e1vaj\u00ed osud Rus\u016f a Afri\u010dan\u016f prizmatem pokus\u016f o zotro\u010den\u00ed. Funguje tato paralela \u201espole\u010dn\u00e9ho historick\u00e9ho osudu\u201c jako skute\u010dn\u00fd \u201emost\u201c pro budov\u00e1n\u00ed d\u016fv\u011bry?<\/em><\/p>\n<p><strong>Ar\u0165om Kurejev:<\/strong>\u00a0V\u00edte, funguje velmi dob\u0159e, zvl\u00e1\u0161t\u011b kdy\u017e Afri\u010dan\u016fm vysv\u011btlujeme na\u0161i historii. \u201eChlapi, \u0159\u00edk\u00e1me jim, p\u0159i\u0161li k n\u00e1m Mongolov\u00e9, Pol\u00e1ci, Vatik\u00e1n po\u0159\u00e1dal k\u0159\u00ed\u017eov\u00e9 v\u00fdpravy, N\u011bmci, Dohoda, znovu N\u011bmci s polovinou Evropy. Dvakr\u00e1t jsme v modern\u00edch d\u011bjin\u00e1ch m\u00e1lem p\u0159i\u0161li o svou zemi. Cht\u011bli n\u00e1s oloupit, pob\u00edt, kolonizovat, vz\u00edt n\u00e1m na\u0161i v\u00edru. Ale ubr\u00e1nili jsme se. Chcete, abychom v\u00e1s nau\u010dili jak!?\u201c<\/p>\n<p>A my jsme nikoho nekolonizovali, nebrali jsme jim v\u00edru. V Rusku \u017eije mnoho n\u00e1rod\u016f, ale v\u0161ichni jsme jeden n\u00e1rod!<\/p>\n<p><em>Kdy\u017e se ohl\u00e9dnete za v\u00edce ne\u017e dvouletou prac\u00ed \u201eAfrick\u00e9 iniciativy\u201c, kter\u00e1 ud\u00e1lost nebo materi\u00e1l byly pro v\u00e1s osobn\u011b bodem, odkud u\u017e nebylo cesty zp\u011bt \u2013 momentem, kdy jste pochopil, \u017ee tento projekt je rozhodn\u011b pot\u0159ebn\u00fd a funguje?<\/em><\/p>\n<p><strong>Ar\u0165om Kurejev:<\/strong>\u00a0Nemohu vybrat jen jednu v\u011bc. Pravd\u011bpodobn\u011b bylo mnoho moment\u016f, kdy jsem si to uv\u011bdomil. Mo\u017en\u00e1 se takov\u00fdm bodem stal p\u0159\u00edjezd des\u00edtky bloger\u016f z Mali, Nigeru, Rwandy, Burkiny Faso, Zimbabwe do Ruska, se kter\u00fdmi jsme sed\u011bli v kav\u00e1rn\u011b v Ni\u017en\u00edm Novgorodu a nemohli jsme si popov\u00eddat, proto\u017ee oni, zabo\u0159eni do telefon\u016f, odpov\u00eddali sv\u00fdm sleduj\u00edc\u00edm, vych\u00e1zeli na ulici nato\u010dit rusk\u00e9 m\u011bsto a po st\u00e9 vysv\u011btlovat, \u017ee je tu v\u00e1\u017en\u011b skv\u011ble. A j\u00e1 se d\u00edval, jak rostou zhl\u00e9dnut\u00ed jejich materi\u00e1l\u016f, a c\u00edtil, jak sl\u00e1bne pavu\u010dina z\u00e1padn\u00ed propagandy.<\/p>\n<p>Nebo kdy\u017e jsme spustili svou novin\u00e1\u0159skou \u0161kolu ve francouz\u0161tin\u011b a druh\u00fd den ve\u010der \u010detli v Le Monde, \u017ee ru\u0161t\u00ed propagandist\u00e9 dob\u00fdvaj\u00ed Afriku, \u017ee Francie c\u00edt\u00ed hrozbu a uvol\u0148uje 20 milion\u016f eur na rozvoj \u201esvobodn\u00e9 \u017eurnalistiky\u201c v Africe. Pamatuji, byli jsme dva dny p\u0159ed v\u00fdplatou, ale slo\u017eili jsme se a oslavili jejich ne\u00fasp\u011bch p\u00e1r lahvemi dobr\u00e9ho krymsk\u00e9ho v\u00edna. A na\u0161e novin\u00e1\u0159sk\u00e1 \u0161kola, nato\u010den\u00e1 zam\u011bstnanci v na\u0161\u00ed vlastn\u00ed kancel\u00e1\u0159i, oslovila n\u011bkolik set lid\u00ed a my nepot\u0159ebovali miliony.<\/p>\n<p><img decoding=\"async\" loading=\"lazy\" class=\"alignnone  wp-image-71913\" src=\"http:\/\/www.infokuryr.cz\/n\/wp-content\/uploads\/2025\/02\/tass.jpg\" alt=\"\" width=\"31\" height=\"30\" \/><\/p>\n<p>&nbsp;<\/p>\n","protected":false},"excerpt":{"rendered":"<p>P\u0159i popisov\u00e1n\u00ed aktivity Ruska v Africe pou\u017e\u00edvaj\u00ed mainstreamov\u00e1 m\u00e9dia temn\u00e1 epiteta. Za nimi tu\u0161\u00edme jen&#8230;<\/p>\n","protected":false},"author":2,"featured_media":100005,"comment_status":"closed","ping_status":"closed","sticky":false,"template":"","format":"standard","meta":[],"categories":[7],"tags":[1271,1052,22,365],"_links":{"self":[{"href":"https:\/\/www.infokuryr.cz\/n\/wp-json\/wp\/v2\/posts\/100002"}],"collection":[{"href":"https:\/\/www.infokuryr.cz\/n\/wp-json\/wp\/v2\/posts"}],"about":[{"href":"https:\/\/www.infokuryr.cz\/n\/wp-json\/wp\/v2\/types\/post"}],"author":[{"embeddable":true,"href":"https:\/\/www.infokuryr.cz\/n\/wp-json\/wp\/v2\/users\/2"}],"replies":[{"embeddable":true,"href":"https:\/\/www.infokuryr.cz\/n\/wp-json\/wp\/v2\/comments?post=100002"}],"version-history":[{"count":0,"href":"https:\/\/www.infokuryr.cz\/n\/wp-json\/wp\/v2\/posts\/100002\/revisions"}],"wp:featuredmedia":[{"embeddable":true,"href":"https:\/\/www.infokuryr.cz\/n\/wp-json\/wp\/v2\/media\/100005"}],"wp:attachment":[{"href":"https:\/\/www.infokuryr.cz\/n\/wp-json\/wp\/v2\/media?parent=100002"}],"wp:term":[{"taxonomy":"category","embeddable":true,"href":"https:\/\/www.infokuryr.cz\/n\/wp-json\/wp\/v2\/categories?post=100002"},{"taxonomy":"post_tag","embeddable":true,"href":"https:\/\/www.infokuryr.cz\/n\/wp-json\/wp\/v2\/tags?post=100002"}],"curies":[{"name":"wp","href":"https:\/\/api.w.org\/{rel}","templated":true}]}}