{"id":1000,"date":"2021-04-21T04:23:30","date_gmt":"2021-04-21T02:23:30","guid":{"rendered":"http:\/\/www.infokuryr.cz\/n\/?p=1000"},"modified":"2021-04-21T10:59:29","modified_gmt":"2021-04-21T08:59:29","slug":"zdaji-se-vam-dva-agenti-malo-pridame-bylo-jich-sest-vlastne-ne-byli-ctyri","status":"publish","type":"post","link":"https:\/\/www.infokuryr.cz\/n\/2021\/04\/21\/zdaji-se-vam-dva-agenti-malo-pridame-bylo-jich-sest-vlastne-ne-byli-ctyri\/","title":{"rendered":"Zdaj\u00ed se v\u00e1m dva agenti m\u00e1lo? P\u0159id\u00e1me. Bylo jich \u0161est. Vlastn\u011b ne \u2013 byli \u010dty\u0159i"},"content":{"rendered":"<div id=\"fb-root\"><\/div>\n<p>Ofici\u00e1ln\u00ed vl\u00e1dn\u00ed v\u00fdklad o dvou rusk\u00fdch agentech, kte\u0159\u00ed nejd\u0159\u00edv vyhodili do pov\u011bt\u0159\u00ed muni\u010dn\u00ed sklad ve Vrb\u011btic\u00edch a pak otr\u00e1vili otce a dceru Skripalov\u00fdch v britsk\u00e9m Salisbury, je pro lidi s mozkem v hlav\u011b tak za vlasy p\u0159ita\u017een\u00fd a tak absurdn\u00ed, \u017ee jej bylo nutno vylep\u0161it&#8230;<\/p>\n<p>P\u0159\u00edli\u0161 \u010dasto se toti\u017e objevovaly posm\u011b\u0161ky autor\u016f na internetu o tom, \u017ee rusk\u00e1 \u0161pion\u00e1\u017en\u00ed slu\u017eba mus\u00ed b\u00fdt finan\u010dn\u011b na dn\u011b, kdy\u017e v\u0161echny jej\u00ed teroristick\u00e9 akce v Evrop\u011b zaji\u0161\u0165uj\u00ed jen dva chlapi&#8230; A oba sv\u00fdmi objeviteli, jimi\u017e jsou BIS, NCOZ, a dva redakto\u0159i t\u00fdden\u00edku Respekt, pops\u00e1ni a zpodobeni do tak v\u011brn\u00e9 podoby slavn\u00e9ho agenta Jej\u00edho veli\u010denstva Kr\u00e1lovny Jamese Bonda, \u017ee p\u0159\u00edb\u011bh byl nev\u011brohodn\u00fd od sam\u00e9ho za\u010d\u00e1tku\u00a0 a fanaticky mu vedle povinn\u00fdch (\u010desk\u00e1 vl\u00e1da, poslanci ANO, \u010cSSD a opozice), v\u011b\u0159ili snad u\u017e jen redakto\u0159i a redaktorky \u010cT, a nejfanati\u010dt\u011bji pak moder\u00e1tor a\u00a0 kandid\u00e1t na p\u0159\u00ed\u0161t\u00edho \u0159editele \u010cT \u017delezn\u00fd. A byl to pr\u00e1v\u011b on, kter\u00fd v odpoledn\u00edch hodin\u00e1ch ozn\u00e1mil \u010desk\u00e9mu poslucha\u010dstvu, \u017ee p\u016fvodn\u00ed informace o dvou str\u016fjc\u00edch v\u00fdbuchu ve Vrb\u011btic\u00edch nebyla pravdiv\u00e1, proto\u017ee sklad vyhodil do pov\u011bt\u0159\u00ed \u0161esti\u010dlenn\u00fd elitn\u00ed odd\u00edl GRU 29 155 veden\u00fd jej\u00edm velitelem a gener\u00e1lem GRU (Rusk\u00e1 \u0161pion\u00e1\u017en\u00ed slu\u017eba) Vaverjanem.<\/p>\n<p>I tenhle v\u00fdklad v\u0161ak m\u011bl jepi\u010d\u00ed \u017eivot. Proto\u017ee u\u017e po dal\u0161\u00edch p\u00e1r hodin\u00e1ch, to je v \u00fater\u00fd ve\u010der, se na internetov\u00e9 str\u00e1nce Seznam.cz objevil zas jin\u00fd \u00fadaj. V\u00fdbuch ve vrb\u011btick\u00e9m skladu v\u00fdbu\u0161nin za\u0159\u00eddil \u010dty\u0159\u010dlenn\u00fd t\u00fdm, jeho\u017e velitel (snad pr\u00e1v\u011b onen gener\u00e1l Vaverjan), odlet\u011bl z Prahy spolu s prvn\u00ed vlnou zam\u011bstnanc\u016f rusk\u00e9ho velveslanectv\u00ed v Praze, kter\u00e9 \u010desk\u00e1 vl\u00e1da z republiky vyhostila.<\/p>\n<p>Tolik tedy k ta\u0161ka\u0159ici, kter\u00e1 ov\u0161em k popuk\u00e1n\u00ed bohu\u017eel nen\u00ed, proto\u017ee, jak u\u017e kdosi napsal, net\u00fdk\u00e1 se jen Dukovan a Sputniku V, ale t\u00fdk\u00e1 se v\u00e1lky \u2013 a to nedaleko od hranic na\u0161\u00ed republiky. Tak\u017ee jedin\u011b \u0161kodolibost v n\u00e1s, p\u0159ehl\u00ed\u017eej\u00edc\u00ed \u0161m\u00edr\u00e1ck\u00e9 d\u00edlo BISu, NCOZu, Respektu a n\u00e1sledn\u011b i \u010desk\u00e9 vl\u00e1dy, si v t\u011bchto okam\u017eic\u00edch m\u016f\u017ee p\u0159ij\u00edt na svoje.<\/p>\n<p>Lubom\u00edr Man<\/p>\n<p><img decoding=\"async\" loading=\"lazy\" class=\"alignnone wp-image-860\" src=\"http:\/\/www.infokuryr.cz\/n\/wp-content\/uploads\/2021\/04\/lub_man.jpg\" alt=\"\" width=\"118\" height=\"165\" \/><\/p>\n<p>&nbsp;<\/p>\n<p>&nbsp;<\/p>\n","protected":false},"excerpt":{"rendered":"<p>Ofici\u00e1ln\u00ed vl\u00e1dn\u00ed v\u00fdklad o dvou rusk\u00fdch agentech, kte\u0159\u00ed nejd\u0159\u00edv vyhodili do pov\u011bt\u0159\u00ed muni\u010dn\u00ed sklad ve&#8230;<\/p>\n","protected":false},"author":2,"featured_media":1001,"comment_status":"closed","ping_status":"closed","sticky":false,"template":"","format":"standard","meta":[],"categories":[6],"tags":[146,76,22,145],"_links":{"self":[{"href":"https:\/\/www.infokuryr.cz\/n\/wp-json\/wp\/v2\/posts\/1000"}],"collection":[{"href":"https:\/\/www.infokuryr.cz\/n\/wp-json\/wp\/v2\/posts"}],"about":[{"href":"https:\/\/www.infokuryr.cz\/n\/wp-json\/wp\/v2\/types\/post"}],"author":[{"embeddable":true,"href":"https:\/\/www.infokuryr.cz\/n\/wp-json\/wp\/v2\/users\/2"}],"replies":[{"embeddable":true,"href":"https:\/\/www.infokuryr.cz\/n\/wp-json\/wp\/v2\/comments?post=1000"}],"version-history":[{"count":0,"href":"https:\/\/www.infokuryr.cz\/n\/wp-json\/wp\/v2\/posts\/1000\/revisions"}],"wp:featuredmedia":[{"embeddable":true,"href":"https:\/\/www.infokuryr.cz\/n\/wp-json\/wp\/v2\/media\/1001"}],"wp:attachment":[{"href":"https:\/\/www.infokuryr.cz\/n\/wp-json\/wp\/v2\/media?parent=1000"}],"wp:term":[{"taxonomy":"category","embeddable":true,"href":"https:\/\/www.infokuryr.cz\/n\/wp-json\/wp\/v2\/categories?post=1000"},{"taxonomy":"post_tag","embeddable":true,"href":"https:\/\/www.infokuryr.cz\/n\/wp-json\/wp\/v2\/tags?post=1000"}],"curies":[{"name":"wp","href":"https:\/\/api.w.org\/{rel}","templated":true}]}}